{"id":182963,"date":"2022-06-25T17:00:56","date_gmt":"2022-06-25T15:00:56","guid":{"rendered":"https:\/\/www.automobile-propre.com\/?post_type=breves&amp;p=149381"},"modified":"2022-06-25T17:00:56","modified_gmt":"2022-06-25T15:00:56","slug":"lotus-eletre-2-000-kg-grace-aux-dernieres-batteries-de-catl","status":"publish","type":"post","link":"https:\/\/www.evearly.news\/fr\/lotus-eletre-2-000-kg-grace-aux-dernieres-batteries-de-catl\/","title":{"rendered":"Lotus Eletre, 2 000 kg gr\u00e2ce aux derni\u00e8res batteries de CATL ?"},"content":{"rendered":"\n<p><img loading=\"lazy\" decoding=\"async\" width=\"500\" height=\"333\" src=\"https:\/\/news.evearly.com\/wp-content\/uploads\/2022\/06\/lotus-eletre-2-000-kg-grace-aux-dernieres-batteries-de-catl.jpg\" class=\"attachment-186x124 size-186x124 wp-post-image\" alt=\"Lotus Eletre\" \/><br \/>\nLe g\u00e9ant chinois des batteries vient \u00e0 peine d&rsquo;annoncer sa derni\u00e8re technologie de batteries Qilin. L&rsquo;un des tous premiers \u00e0 les utiliser sera le SUV \u00e9lectrique Lotus Eletre. Gr\u00e2ce \u00e0 ces nouvelles batteries, il pourrait tenir son objectif de poids. <a href=\"https:\/\/www.automobile-propre.com\/breves\/lotus-eletre-2-000-kg-grace-aux-dernieres-batteries-de-catl\/\" target='bwindow' rel=\"noopener\">Lire la suite&#8230;<\/a><\/p>\n","protected":false},"excerpt":{"rendered":"<p>\nLe g\u00e9ant chinois des batteries vient \u00e0 peine d&rsquo;annoncer sa derni\u00e8re technologie de batteries Qilin. L&rsquo;un des tous premiers \u00e0 les utiliser sera le SUV \u00e9lectrique Lotus Eletre. Gr\u00e2ce \u00e0 ces nouvelles batteries, il pourrait tenir son objectif de poids.  &#8230; <a class=\"continue-reading-link\" href=\"https:\/\/www.evearly.news\/fr\/lotus-eletre-2-000-kg-grace-aux-dernieres-batteries-de-catl\/\"><\/a><\/p>\n","protected":false},"author":8,"featured_media":0,"comment_status":"closed","ping_status":"closed","sticky":false,"template":"","format":"standard","meta":{"footnotes":""},"categories":[8],"tags":[],"class_list":["post-182963","post","type-post","status-publish","format-standard","hentry","category-automobile-propre"],"_links":{"self":[{"href":"https:\/\/www.evearly.news\/fr\/wp-json\/wp\/v2\/posts\/182963","targetHints":{"allow":["GET"]}}],"collection":[{"href":"https:\/\/www.evearly.news\/fr\/wp-json\/wp\/v2\/posts"}],"about":[{"href":"https:\/\/www.evearly.news\/fr\/wp-json\/wp\/v2\/types\/post"}],"author":[{"embeddable":true,"href":"https:\/\/www.evearly.news\/fr\/wp-json\/wp\/v2\/users\/8"}],"replies":[{"embeddable":true,"href":"https:\/\/www.evearly.news\/fr\/wp-json\/wp\/v2\/comments?post=182963"}],"version-history":[{"count":0,"href":"https:\/\/www.evearly.news\/fr\/wp-json\/wp\/v2\/posts\/182963\/revisions"}],"wp:attachment":[{"href":"https:\/\/www.evearly.news\/fr\/wp-json\/wp\/v2\/media?parent=182963"}],"wp:term":[{"taxonomy":"category","embeddable":true,"href":"https:\/\/www.evearly.news\/fr\/wp-json\/wp\/v2\/categories?post=182963"},{"taxonomy":"post_tag","embeddable":true,"href":"https:\/\/www.evearly.news\/fr\/wp-json\/wp\/v2\/tags?post=182963"}],"curies":[{"name":"wp","href":"https:\/\/api.w.org\/{rel}","templated":true}]}}