{"id":182978,"date":"2022-06-25T19:00:27","date_gmt":"2022-06-25T17:00:27","guid":{"rendered":"https:\/\/www.automobile-propre.com\/?p=149411"},"modified":"2022-06-25T19:00:27","modified_gmt":"2022-06-25T17:00:27","slug":"lucid-air-une-voiture-a-part-dans-le-monde-de-la-technologie-electrique","status":"publish","type":"post","link":"https:\/\/www.evearly.news\/fr\/lucid-air-une-voiture-a-part-dans-le-monde-de-la-technologie-electrique\/","title":{"rendered":"Lucid Air : une voiture \u00e0 part dans le monde de la technologie \u00e9lectrique"},"content":{"rendered":"\n<p><img loading=\"lazy\" decoding=\"async\" width=\"500\" height=\"333\" src=\"https:\/\/news.evearly.com\/wp-content\/uploads\/2022\/06\/lucid-air-une-voiture-a-part-dans-le-monde-de-la-technologie-electrique.jpg\" class=\"attachment-186x124 size-186x124 wp-post-image\" alt=\"Lucid\" \/><br \/>\nLa Lucid Air entend red\u00e9finir l&rsquo;approche de la voiture &eacute;lectrique avec une niveau d&rsquo;ing\u00e9nierie sans \u00e9quivalent. Peter Rawlinson, le PDG\u2026 <a href=\"https:\/\/www.automobile-propre.com\/lucid-air-une-voiture-a-part-dans-le-monde-de-la-technologie-electrique\/\" target='bwindow' rel=\"noopener\">Lire la suite&#8230;<\/a><\/p>\n","protected":false},"excerpt":{"rendered":"<p>\nLa Lucid Air entend red\u00e9finir l&rsquo;approche de la voiture &eacute;lectrique avec une niveau d&rsquo;ing\u00e9nierie sans \u00e9quivalent. Peter Rawlinson, le PDG\u2026  &#8230; <a class=\"continue-reading-link\" href=\"https:\/\/www.evearly.news\/fr\/lucid-air-une-voiture-a-part-dans-le-monde-de-la-technologie-electrique\/\"><\/a><\/p>\n","protected":false},"author":8,"featured_media":0,"comment_status":"closed","ping_status":"closed","sticky":false,"template":"","format":"standard","meta":{"footnotes":""},"categories":[8],"tags":[],"class_list":["post-182978","post","type-post","status-publish","format-standard","hentry","category-automobile-propre"],"_links":{"self":[{"href":"https:\/\/www.evearly.news\/fr\/wp-json\/wp\/v2\/posts\/182978","targetHints":{"allow":["GET"]}}],"collection":[{"href":"https:\/\/www.evearly.news\/fr\/wp-json\/wp\/v2\/posts"}],"about":[{"href":"https:\/\/www.evearly.news\/fr\/wp-json\/wp\/v2\/types\/post"}],"author":[{"embeddable":true,"href":"https:\/\/www.evearly.news\/fr\/wp-json\/wp\/v2\/users\/8"}],"replies":[{"embeddable":true,"href":"https:\/\/www.evearly.news\/fr\/wp-json\/wp\/v2\/comments?post=182978"}],"version-history":[{"count":0,"href":"https:\/\/www.evearly.news\/fr\/wp-json\/wp\/v2\/posts\/182978\/revisions"}],"wp:attachment":[{"href":"https:\/\/www.evearly.news\/fr\/wp-json\/wp\/v2\/media?parent=182978"}],"wp:term":[{"taxonomy":"category","embeddable":true,"href":"https:\/\/www.evearly.news\/fr\/wp-json\/wp\/v2\/categories?post=182978"},{"taxonomy":"post_tag","embeddable":true,"href":"https:\/\/www.evearly.news\/fr\/wp-json\/wp\/v2\/tags?post=182978"}],"curies":[{"name":"wp","href":"https:\/\/api.w.org\/{rel}","templated":true}]}}