{"id":183041,"date":"2022-06-26T15:00:00","date_gmt":"2022-06-26T13:00:00","guid":{"rendered":"https:\/\/www.caradisiac.com\/interview-video-jean-michel-jarre-la-voiture-est-un-mini-auditorium-ideal-196741.htm#xtor=RSS-40"},"modified":"2022-06-26T15:00:00","modified_gmt":"2022-06-26T13:00:00","slug":"interview-video-jean-michel-jarre-la-voiture-est-un-mini-auditorium-ideal","status":"publish","type":"post","link":"https:\/\/www.evearly.news\/fr\/interview-video-jean-michel-jarre-la-voiture-est-un-mini-auditorium-ideal\/","title":{"rendered":"Interview vid\u00e9o &#8211; Jean-Michel Jarre \u00ab\u00a0la voiture est un mini auditorium id\u00e9al\u00a0\u00bb"},"content":{"rendered":"\n<p><img decoding=\"async\" src=\"https:\/\/news.evearly.com\/wp-content\/uploads\/2022\/06\/interview-video-jean-michel-jarre-la-voiture-est-un-mini-auditorium-ideal.jpg\" \/> Les grands salons automobiles n\u2019ont plus l\u2019exclusivit\u00e9 des concept cars. Ainsi, Renault a profit\u00e9 de la derni\u00e8re \u00e9dition de Vivatech pour exposer son Scenic Vision, qui pr\u00e9figure le design des futures automobiles du constructeur. Ce temple \u00e9ph\u00e9m\u00e8re de la technologie \u00e9tait aussi l\u2019occasion parfaite pour promouvoir le partenariat conclu avec le musicien Jean-Michel Jarre. <a href=\"https:\/\/www.caradisiac.com\/interview-video-jean-michel-jarre-la-voiture-est-un-mini-auditorium-ideal-196741.htm#xtor=RSS-40\" target=\"blank\" rel=\"noopener\">Lire la suite&#8230;<\/a><\/p>\n","protected":false},"excerpt":{"rendered":"\n<p><img decoding=\"async\" src=\"https:\/\/news.evearly.com\/wp-content\/uploads\/2022\/06\/interview-video-jean-michel-jarre-la-voiture-est-un-mini-auditorium-ideal.jpg\" \/> Les grands salons automobiles n\u2019ont plus l\u2019exclusivit\u00e9 des concept cars. Ainsi, Renault a profit\u00e9 de la derni\u00e8re \u00e9dition de Vivatech pour exposer son Scenic Vision, qui pr\u00e9figure le design des futures automobiles du constructeur. Ce temple \u00e9ph\u00e9m\u00e8re de la technologie \u00e9tait aussi l\u2019occasion parfaite pour promouvoir le partenariat conclu avec le musicien Jean-Michel Jarre.<\/p>\n<p>  <a class=\"continue-reading-link\" href=\"https:\/\/www.evearly.news\/fr\/interview-video-jean-michel-jarre-la-voiture-est-un-mini-auditorium-ideal\/\"><\/a><\/p>\n","protected":false},"author":11,"featured_media":0,"comment_status":"closed","ping_status":"closed","sticky":false,"template":"","format":"standard","meta":{"footnotes":""},"categories":[11],"tags":[],"class_list":["post-183041","post","type-post","status-publish","format-standard","hentry","category-caradisiac"],"_links":{"self":[{"href":"https:\/\/www.evearly.news\/fr\/wp-json\/wp\/v2\/posts\/183041","targetHints":{"allow":["GET"]}}],"collection":[{"href":"https:\/\/www.evearly.news\/fr\/wp-json\/wp\/v2\/posts"}],"about":[{"href":"https:\/\/www.evearly.news\/fr\/wp-json\/wp\/v2\/types\/post"}],"author":[{"embeddable":true,"href":"https:\/\/www.evearly.news\/fr\/wp-json\/wp\/v2\/users\/11"}],"replies":[{"embeddable":true,"href":"https:\/\/www.evearly.news\/fr\/wp-json\/wp\/v2\/comments?post=183041"}],"version-history":[{"count":0,"href":"https:\/\/www.evearly.news\/fr\/wp-json\/wp\/v2\/posts\/183041\/revisions"}],"wp:attachment":[{"href":"https:\/\/www.evearly.news\/fr\/wp-json\/wp\/v2\/media?parent=183041"}],"wp:term":[{"taxonomy":"category","embeddable":true,"href":"https:\/\/www.evearly.news\/fr\/wp-json\/wp\/v2\/categories?post=183041"},{"taxonomy":"post_tag","embeddable":true,"href":"https:\/\/www.evearly.news\/fr\/wp-json\/wp\/v2\/tags?post=183041"}],"curies":[{"name":"wp","href":"https:\/\/api.w.org\/{rel}","templated":true}]}}