{"id":183068,"date":"2022-06-26T18:00:30","date_gmt":"2022-06-26T16:00:30","guid":{"rendered":"https:\/\/www.automobile-propre.com\/?post_type=breves&amp;p=149102"},"modified":"2022-06-26T18:00:30","modified_gmt":"2022-06-26T16:00:30","slug":"ford-a-choisi-lespagne-pour-produire-ses-prochaines-voitures-electriques","status":"publish","type":"post","link":"https:\/\/www.evearly.news\/fr\/ford-a-choisi-lespagne-pour-produire-ses-prochaines-voitures-electriques\/","title":{"rendered":"Ford a choisi l\u2019Espagne pour produire ses prochaines voitures \u00e9lectriques"},"content":{"rendered":"\n<p><img loading=\"lazy\" decoding=\"async\" width=\"500\" height=\"333\" src=\"https:\/\/news.evearly.com\/wp-content\/uploads\/2022\/06\/ford-a-choisi-lespagne-pour-produire-ses-prochaines-voitures-electriques.jpg\" class=\"attachment-186x124 size-186x124 wp-post-image\" alt=\"Ford - Usine de Valence\" \/><br \/>\nSaarlouis ou Valence\u00a0? Telle \u00e9tait la question qui planait depuis quelques mois chez Ford Europe. C\u2019est finalement l\u2019usine espagnole qui produira la prochaine g\u00e9n\u00e9ration de voitures \u00e9lectriques. Tr\u00e8s mauvaise nouvelle pour l\u2019usine allemande. <a href=\"https:\/\/www.automobile-propre.com\/breves\/ford-a-choisi-lespagne-pour-produire-ses-prochaines-voitures-electriques\/\" target='bwindow' rel=\"noopener\">Lire la suite&#8230;<\/a><\/p>\n","protected":false},"excerpt":{"rendered":"<p>\nSaarlouis ou Valence\u00a0? Telle \u00e9tait la question qui planait depuis quelques mois chez Ford Europe. C\u2019est finalement l\u2019usine espagnole qui produira la prochaine g\u00e9n\u00e9ration de voitures \u00e9lectriques. Tr\u00e8s mauvaise nouvelle pour l\u2019usine allemande.  &#8230; <a class=\"continue-reading-link\" href=\"https:\/\/www.evearly.news\/fr\/ford-a-choisi-lespagne-pour-produire-ses-prochaines-voitures-electriques\/\"><\/a><\/p>\n","protected":false},"author":8,"featured_media":0,"comment_status":"closed","ping_status":"closed","sticky":false,"template":"","format":"standard","meta":{"footnotes":""},"categories":[8],"tags":[],"class_list":["post-183068","post","type-post","status-publish","format-standard","hentry","category-automobile-propre"],"_links":{"self":[{"href":"https:\/\/www.evearly.news\/fr\/wp-json\/wp\/v2\/posts\/183068","targetHints":{"allow":["GET"]}}],"collection":[{"href":"https:\/\/www.evearly.news\/fr\/wp-json\/wp\/v2\/posts"}],"about":[{"href":"https:\/\/www.evearly.news\/fr\/wp-json\/wp\/v2\/types\/post"}],"author":[{"embeddable":true,"href":"https:\/\/www.evearly.news\/fr\/wp-json\/wp\/v2\/users\/8"}],"replies":[{"embeddable":true,"href":"https:\/\/www.evearly.news\/fr\/wp-json\/wp\/v2\/comments?post=183068"}],"version-history":[{"count":0,"href":"https:\/\/www.evearly.news\/fr\/wp-json\/wp\/v2\/posts\/183068\/revisions"}],"wp:attachment":[{"href":"https:\/\/www.evearly.news\/fr\/wp-json\/wp\/v2\/media?parent=183068"}],"wp:term":[{"taxonomy":"category","embeddable":true,"href":"https:\/\/www.evearly.news\/fr\/wp-json\/wp\/v2\/categories?post=183068"},{"taxonomy":"post_tag","embeddable":true,"href":"https:\/\/www.evearly.news\/fr\/wp-json\/wp\/v2\/tags?post=183068"}],"curies":[{"name":"wp","href":"https:\/\/api.w.org\/{rel}","templated":true}]}}