{"id":183365,"date":"2022-06-28T10:30:34","date_gmt":"2022-06-28T08:30:34","guid":{"rendered":"https:\/\/www.automobile-propre.com\/?p=149482"},"modified":"2022-06-28T10:30:34","modified_gmt":"2022-06-28T08:30:34","slug":"honda-civic-ehev-hybride-lage-de-la-raison-pour-la-compacte","status":"publish","type":"post","link":"https:\/\/www.evearly.news\/fr\/honda-civic-ehev-hybride-lage-de-la-raison-pour-la-compacte\/","title":{"rendered":"Honda Civic e:HEV\u00a0hybride\u00a0: l\u2019\u00e2ge de la raison pour la compacte\u00a0?"},"content":{"rendered":"\n<p><img loading=\"lazy\" decoding=\"async\" width=\"500\" height=\"333\" src=\"https:\/\/news.evearly.com\/wp-content\/uploads\/2022\/06\/honda-civic-ehev-hybride-lage-de-la-raison-pour-la-compacte.jpg\" class=\"attachment-186x124 size-186x124 wp-post-image\" alt=\"Honda Civic e:HEV\" \/><br \/>\nLa Honda Civic arrive \u00e0 sa onzi\u00e8me g\u00e9n\u00e9ration. L&rsquo;heure de la maturit\u00e9 a sonn\u00e9 pour la compacte, qui gagne un\u2026 <a href=\"https:\/\/www.automobile-propre.com\/honda-civic-ehev-hybride-lage-de-la-raison\/\" target='bwindow' rel=\"noopener\">Lire la suite&#8230;<\/a><\/p>\n","protected":false},"excerpt":{"rendered":"<p>\nLa Honda Civic arrive \u00e0 sa onzi\u00e8me g\u00e9n\u00e9ration. L&rsquo;heure de la maturit\u00e9 a sonn\u00e9 pour la compacte, qui gagne un\u2026  &#8230; <a class=\"continue-reading-link\" href=\"https:\/\/www.evearly.news\/fr\/honda-civic-ehev-hybride-lage-de-la-raison-pour-la-compacte\/\"><\/a><\/p>\n","protected":false},"author":8,"featured_media":0,"comment_status":"closed","ping_status":"closed","sticky":false,"template":"","format":"standard","meta":{"footnotes":""},"categories":[8],"tags":[],"class_list":["post-183365","post","type-post","status-publish","format-standard","hentry","category-automobile-propre"],"_links":{"self":[{"href":"https:\/\/www.evearly.news\/fr\/wp-json\/wp\/v2\/posts\/183365","targetHints":{"allow":["GET"]}}],"collection":[{"href":"https:\/\/www.evearly.news\/fr\/wp-json\/wp\/v2\/posts"}],"about":[{"href":"https:\/\/www.evearly.news\/fr\/wp-json\/wp\/v2\/types\/post"}],"author":[{"embeddable":true,"href":"https:\/\/www.evearly.news\/fr\/wp-json\/wp\/v2\/users\/8"}],"replies":[{"embeddable":true,"href":"https:\/\/www.evearly.news\/fr\/wp-json\/wp\/v2\/comments?post=183365"}],"version-history":[{"count":0,"href":"https:\/\/www.evearly.news\/fr\/wp-json\/wp\/v2\/posts\/183365\/revisions"}],"wp:attachment":[{"href":"https:\/\/www.evearly.news\/fr\/wp-json\/wp\/v2\/media?parent=183365"}],"wp:term":[{"taxonomy":"category","embeddable":true,"href":"https:\/\/www.evearly.news\/fr\/wp-json\/wp\/v2\/categories?post=183365"},{"taxonomy":"post_tag","embeddable":true,"href":"https:\/\/www.evearly.news\/fr\/wp-json\/wp\/v2\/tags?post=183365"}],"curies":[{"name":"wp","href":"https:\/\/api.w.org\/{rel}","templated":true}]}}