{"id":183509,"date":"2022-06-28T18:00:58","date_gmt":"2022-06-28T16:00:58","guid":{"rendered":"https:\/\/www.automobile-propre.com\/?p=149350"},"modified":"2022-06-28T18:00:58","modified_gmt":"2022-06-28T16:00:58","slug":"barometre-evbox-2022-de-fortes-attentes-sur-la-mobilite-electrique-en-entreprise","status":"publish","type":"post","link":"https:\/\/www.evearly.news\/fr\/barometre-evbox-2022-de-fortes-attentes-sur-la-mobilite-electrique-en-entreprise\/","title":{"rendered":"Barom\u00e8tre EVBox 2022\u00a0: de fortes attentes sur la mobilit\u00e9 \u00e9lectrique en entreprise"},"content":{"rendered":"\n<p><img loading=\"lazy\" decoding=\"async\" width=\"500\" height=\"333\" src=\"https:\/\/news.evearly.com\/wp-content\/uploads\/2022\/06\/barometre-evbox-2022-de-fortes-attentes-sur-la-mobilite-electrique-en-entreprise.jpg\" class=\"attachment-186x124 size-186x124 wp-post-image\" alt=\"\" \/><br \/>\nSelon la derni\u00e8re \u00e9dition du barom\u00e8tre EVBox, plus d&rsquo;un Fran\u00e7ais sur deux estime que les entreprises devraient proposer des voitures de fonction \u00e9lectriques \u00e0 leurs salari\u00e9s. <a href=\"https:\/\/www.automobile-propre.com\/barometre-evbox-2022-de-fortes-attentes-sur-la-mobilite-electrique-en-entreprise\/\" target='bwindow' rel=\"noopener\">Lire la suite&#8230;<\/a><\/p>\n","protected":false},"excerpt":{"rendered":"<p>\nSelon la derni\u00e8re \u00e9dition du barom\u00e8tre EVBox, plus d&rsquo;un Fran\u00e7ais sur deux estime que les entreprises devraient proposer des voitures de fonction \u00e9lectriques \u00e0 leurs salari\u00e9s.  &#8230; <a class=\"continue-reading-link\" href=\"https:\/\/www.evearly.news\/fr\/barometre-evbox-2022-de-fortes-attentes-sur-la-mobilite-electrique-en-entreprise\/\"><\/a><\/p>\n","protected":false},"author":8,"featured_media":0,"comment_status":"closed","ping_status":"closed","sticky":false,"template":"","format":"standard","meta":{"footnotes":""},"categories":[8],"tags":[],"class_list":["post-183509","post","type-post","status-publish","format-standard","hentry","category-automobile-propre"],"_links":{"self":[{"href":"https:\/\/www.evearly.news\/fr\/wp-json\/wp\/v2\/posts\/183509","targetHints":{"allow":["GET"]}}],"collection":[{"href":"https:\/\/www.evearly.news\/fr\/wp-json\/wp\/v2\/posts"}],"about":[{"href":"https:\/\/www.evearly.news\/fr\/wp-json\/wp\/v2\/types\/post"}],"author":[{"embeddable":true,"href":"https:\/\/www.evearly.news\/fr\/wp-json\/wp\/v2\/users\/8"}],"replies":[{"embeddable":true,"href":"https:\/\/www.evearly.news\/fr\/wp-json\/wp\/v2\/comments?post=183509"}],"version-history":[{"count":0,"href":"https:\/\/www.evearly.news\/fr\/wp-json\/wp\/v2\/posts\/183509\/revisions"}],"wp:attachment":[{"href":"https:\/\/www.evearly.news\/fr\/wp-json\/wp\/v2\/media?parent=183509"}],"wp:term":[{"taxonomy":"category","embeddable":true,"href":"https:\/\/www.evearly.news\/fr\/wp-json\/wp\/v2\/categories?post=183509"},{"taxonomy":"post_tag","embeddable":true,"href":"https:\/\/www.evearly.news\/fr\/wp-json\/wp\/v2\/tags?post=183509"}],"curies":[{"name":"wp","href":"https:\/\/api.w.org\/{rel}","templated":true}]}}