{"id":183580,"date":"2022-06-28T23:00:02","date_gmt":"2022-06-28T21:00:02","guid":{"rendered":"https:\/\/www.automobile-propre.com\/?p=143684"},"modified":"2022-06-28T23:00:02","modified_gmt":"2022-06-28T21:00:02","slug":"hyundai-ioniq-6-simon-loasby-responsable-du-design-nous-la-presente","status":"publish","type":"post","link":"https:\/\/www.evearly.news\/fr\/hyundai-ioniq-6-simon-loasby-responsable-du-design-nous-la-presente\/","title":{"rendered":"Hyundai Ioniq 6 \u2013 Simon Loasby, responsable du design, nous la pr\u00e9sente"},"content":{"rendered":"\n<p><img loading=\"lazy\" decoding=\"async\" width=\"500\" height=\"333\" src=\"https:\/\/news.evearly.com\/wp-content\/uploads\/2022\/06\/hyundai-ioniq-6-simon-loasby-responsable-du-design-nous-la-presente.jpg\" class=\"attachment-186x124 size-186x124 wp-post-image\" alt=\"\" \/><br \/>\nS&rsquo;il y a bien une marque qui a profond\u00e9ment chang\u00e9 son image ces derni\u00e8res ann\u00e9es, c&rsquo;est bien Hyundai, autant d&rsquo;un\u2026 <a href=\"https:\/\/www.automobile-propre.com\/hyundai-ioniq-6-simon-loasby-responsable-du-design-nous-la-presente\/\" target='bwindow' rel=\"noopener\">Lire la suite&#8230;<\/a><\/p>\n","protected":false},"excerpt":{"rendered":"<p>\nS&rsquo;il y a bien une marque qui a profond\u00e9ment chang\u00e9 son image ces derni\u00e8res ann\u00e9es, c&rsquo;est bien Hyundai, autant d&rsquo;un\u2026  &#8230; <a class=\"continue-reading-link\" href=\"https:\/\/www.evearly.news\/fr\/hyundai-ioniq-6-simon-loasby-responsable-du-design-nous-la-presente\/\"><\/a><\/p>\n","protected":false},"author":8,"featured_media":0,"comment_status":"closed","ping_status":"closed","sticky":false,"template":"","format":"standard","meta":{"footnotes":""},"categories":[8],"tags":[],"class_list":["post-183580","post","type-post","status-publish","format-standard","hentry","category-automobile-propre"],"_links":{"self":[{"href":"https:\/\/www.evearly.news\/fr\/wp-json\/wp\/v2\/posts\/183580","targetHints":{"allow":["GET"]}}],"collection":[{"href":"https:\/\/www.evearly.news\/fr\/wp-json\/wp\/v2\/posts"}],"about":[{"href":"https:\/\/www.evearly.news\/fr\/wp-json\/wp\/v2\/types\/post"}],"author":[{"embeddable":true,"href":"https:\/\/www.evearly.news\/fr\/wp-json\/wp\/v2\/users\/8"}],"replies":[{"embeddable":true,"href":"https:\/\/www.evearly.news\/fr\/wp-json\/wp\/v2\/comments?post=183580"}],"version-history":[{"count":0,"href":"https:\/\/www.evearly.news\/fr\/wp-json\/wp\/v2\/posts\/183580\/revisions"}],"wp:attachment":[{"href":"https:\/\/www.evearly.news\/fr\/wp-json\/wp\/v2\/media?parent=183580"}],"wp:term":[{"taxonomy":"category","embeddable":true,"href":"https:\/\/www.evearly.news\/fr\/wp-json\/wp\/v2\/categories?post=183580"},{"taxonomy":"post_tag","embeddable":true,"href":"https:\/\/www.evearly.news\/fr\/wp-json\/wp\/v2\/tags?post=183580"}],"curies":[{"name":"wp","href":"https:\/\/api.w.org\/{rel}","templated":true}]}}