{"id":183621,"date":"2022-06-29T06:00:00","date_gmt":"2022-06-29T04:00:00","guid":{"rendered":"https:\/\/www.avem.fr\/?p=49208"},"modified":"2023-08-17T18:48:16","modified_gmt":"2023-08-17T18:48:16","slug":"mg-leve-le-voile-sur-sa-future-compacte-electrique-mg4","status":"publish","type":"post","link":"https:\/\/www.evearly.news\/fr\/mg-leve-le-voile-sur-sa-future-compacte-electrique-mg4\/","title":{"rendered":"MG l\u00e8ve le voile sur sa future compacte \u00e9lectrique MG4"},"content":{"rendered":"<p><img decoding=\"async\" width=\"1000\" height=\"563\" src=\"https:\/\/news.evearly.com\/wp-content\/uploads\/2022\/06\/mg-leve-le-voile-sur-sa-future-compacte-electrique-mg4.jpg\" class=\"attachment-post-thumbnail size-post-thumbnail wp-post-image\" alt=\"Compacte \u00e9lectrique MG4\" loading=\"lazy\" \/>Apr\u00e8s le ZS EV et le Marvel R, MG continue \u00e0 \u00e9toffer sa gamme de voitures particuli\u00e8res \u00e9lectriques. Une des particularit\u00e9s de la MG4 est de reposer sur la nouvelle plateforme modulaire MSP d\u00e9di\u00e9e \u00e0 la mobilit\u00e9 branch\u00e9e et mise au point par la maison m\u00e8re SAIC Motor. Le lancement [\u2026] <a href=\"https:\/\/www.avem.fr\/2022\/06\/29\/mg-leve-le-voile-sur-sa-future-compacte-electrique-mg4\/\" target=\"blank\" rel=\"noopener\">Lire la suite&#8230;<\/a><\/p>\n","protected":false},"excerpt":{"rendered":"<p><img decoding=\"async\" width=\"1000\" height=\"563\" src=\"https:\/\/news.evearly.com\/wp-content\/uploads\/2022\/06\/mg-leve-le-voile-sur-sa-future-compacte-electrique-mg4.jpg\" class=\"attachment-post-thumbnail size-post-thumbnail wp-post-image\" alt=\"Compacte \u00e9lectrique MG4\" loading=\"lazy\" \/>Apr\u00e8s le ZS EV et le Marvel R, MG continue \u00e0 \u00e9toffer sa gamme de voitures particuli\u00e8res \u00e9lectriques. Une des particularit\u00e9s de la MG4 est de reposer sur la nouvelle plateforme modulaire MSP d\u00e9di\u00e9e \u00e0 la mobilit\u00e9 branch\u00e9e et mise au point par la maison m\u00e8re SAIC Motor. Le lancement [\u2026] <a class=\"continue-reading-link\" href=\"https:\/\/www.evearly.news\/fr\/mg-leve-le-voile-sur-sa-future-compacte-electrique-mg4\/\"><\/a><\/p>\n","protected":false},"author":3,"featured_media":0,"comment_status":"closed","ping_status":"closed","sticky":false,"template":"","format":"standard","meta":{"footnotes":""},"categories":[3],"tags":[],"class_list":["post-183621","post","type-post","status-publish","format-standard","hentry","category-avem"],"_links":{"self":[{"href":"https:\/\/www.evearly.news\/fr\/wp-json\/wp\/v2\/posts\/183621","targetHints":{"allow":["GET"]}}],"collection":[{"href":"https:\/\/www.evearly.news\/fr\/wp-json\/wp\/v2\/posts"}],"about":[{"href":"https:\/\/www.evearly.news\/fr\/wp-json\/wp\/v2\/types\/post"}],"author":[{"embeddable":true,"href":"https:\/\/www.evearly.news\/fr\/wp-json\/wp\/v2\/users\/3"}],"replies":[{"embeddable":true,"href":"https:\/\/www.evearly.news\/fr\/wp-json\/wp\/v2\/comments?post=183621"}],"version-history":[{"count":1,"href":"https:\/\/www.evearly.news\/fr\/wp-json\/wp\/v2\/posts\/183621\/revisions"}],"predecessor-version":[{"id":256689,"href":"https:\/\/www.evearly.news\/fr\/wp-json\/wp\/v2\/posts\/183621\/revisions\/256689"}],"wp:attachment":[{"href":"https:\/\/www.evearly.news\/fr\/wp-json\/wp\/v2\/media?parent=183621"}],"wp:term":[{"taxonomy":"category","embeddable":true,"href":"https:\/\/www.evearly.news\/fr\/wp-json\/wp\/v2\/categories?post=183621"},{"taxonomy":"post_tag","embeddable":true,"href":"https:\/\/www.evearly.news\/fr\/wp-json\/wp\/v2\/tags?post=183621"}],"curies":[{"name":"wp","href":"https:\/\/api.w.org\/{rel}","templated":true}]}}