{"id":183639,"date":"2022-06-29T10:06:14","date_gmt":"2022-06-29T08:06:14","guid":{"rendered":"https:\/\/www.frandroid.com\/?p=1382727"},"modified":"2022-06-29T10:06:14","modified_gmt":"2022-06-29T08:06:14","slug":"le-bonus-ecologique-est-maintenu-le-100-electrique-avantage-les-hybrides-ecartees","status":"publish","type":"post","link":"https:\/\/www.evearly.news\/fr\/le-bonus-ecologique-est-maintenu-le-100-electrique-avantage-les-hybrides-ecartees\/","title":{"rendered":"Le bonus \u00e9cologique est maintenu\u00a0: le 100\u00a0% \u00e9lectrique avantag\u00e9, les hybrides \u00e9cart\u00e9es"},"content":{"rendered":"<p><img decoding=\"async\" loading=\"lazy\" class=\"aligncenter size-large wp-image-1382731\" src=\"https:\/\/news.evearly.com\/wp-content\/uploads\/2022\/06\/le-bonus-ecologique-est-maintenu-le-100-electrique-avantage-les-hybrides-ecartees.jpg\" alt=\"bonus \u00e9cologique\" width=\"928\" height=\"452\"><br \/>Le cabinet de la Premi\u00e8re ministre, \u00c9lisabeth Borne, a confirm\u00e9 aupr\u00e8s de Capital le maintien du bonus \u00e9cologique actuel au-del\u00e0 du 1er\u00a0juillet 2022, date \u00e0 laquelle il devait initialement baisser. Les hybrides rechargeables, en revanche, seraient mises de c\u00f4t\u00e9. C\u2019\u00e9tait une promesse de Bruno Le Maire, ministre de l\u2019\u00c9conomie, durant les \u00e9lections pr\u00e9sidentielles\u00a0: la prolongation [\u2026] <a href=\"https:\/\/www.frandroid.com\/produits-android\/automobile\/voitures-electriques\/1382727_le-bonus-ecologique-est-maintenu-le-100-electrique-avantage-les-hybrides-ecartees\" target=\"blank\" rel=\"noopener\">Lire la suite&#8230;<\/a><\/p>\n","protected":false},"excerpt":{"rendered":"<p>&#8230; <a class=\"continue-reading-link\" href=\"https:\/\/www.evearly.news\/fr\/le-bonus-ecologique-est-maintenu-le-100-electrique-avantage-les-hybrides-ecartees\/\"><\/a><\/p>\n","protected":false},"author":6,"featured_media":183640,"comment_status":"closed","ping_status":"closed","sticky":false,"template":"","format":"standard","meta":{"footnotes":""},"categories":[14],"tags":[],"class_list":["post-183639","post","type-post","status-publish","format-standard","has-post-thumbnail","hentry","category-frandroid"],"_links":{"self":[{"href":"https:\/\/www.evearly.news\/fr\/wp-json\/wp\/v2\/posts\/183639","targetHints":{"allow":["GET"]}}],"collection":[{"href":"https:\/\/www.evearly.news\/fr\/wp-json\/wp\/v2\/posts"}],"about":[{"href":"https:\/\/www.evearly.news\/fr\/wp-json\/wp\/v2\/types\/post"}],"author":[{"embeddable":true,"href":"https:\/\/www.evearly.news\/fr\/wp-json\/wp\/v2\/users\/6"}],"replies":[{"embeddable":true,"href":"https:\/\/www.evearly.news\/fr\/wp-json\/wp\/v2\/comments?post=183639"}],"version-history":[{"count":0,"href":"https:\/\/www.evearly.news\/fr\/wp-json\/wp\/v2\/posts\/183639\/revisions"}],"wp:featuredmedia":[{"embeddable":true,"href":"https:\/\/www.evearly.news\/fr\/wp-json\/"}],"wp:attachment":[{"href":"https:\/\/www.evearly.news\/fr\/wp-json\/wp\/v2\/media?parent=183639"}],"wp:term":[{"taxonomy":"category","embeddable":true,"href":"https:\/\/www.evearly.news\/fr\/wp-json\/wp\/v2\/categories?post=183639"},{"taxonomy":"post_tag","embeddable":true,"href":"https:\/\/www.evearly.news\/fr\/wp-json\/wp\/v2\/tags?post=183639"}],"curies":[{"name":"wp","href":"https:\/\/api.w.org\/{rel}","templated":true}]}}