{"id":183730,"date":"2022-06-29T10:06:58","date_gmt":"2022-06-29T08:06:58","guid":{"rendered":"https:\/\/www.avere-france.org\/?p=10436"},"modified":"2022-06-29T10:06:58","modified_gmt":"2022-06-29T08:06:58","slug":"reglement-co2-un-pas-de-plus-vers-la-fin-de-ventes-des-vehicules-legers-thermiques-et-hybrides-rechargeables-neuves-pour-2035","status":"publish","type":"post","link":"https:\/\/www.evearly.news\/fr\/reglement-co2-un-pas-de-plus-vers-la-fin-de-ventes-des-vehicules-legers-thermiques-et-hybrides-rechargeables-neuves-pour-2035\/","title":{"rendered":"R\u00e8glement CO2 : un pas de plus vers la fin de ventes des v\u00e9hicules l\u00e9gers thermiques et hybrides rechargeables neuves pour 2035"},"content":{"rendered":"<p><img decoding=\"async\" src=\"https:\/\/news.evearly.com\/wp-content\/uploads\/2022\/06\/reglement-co2-un-pas-de-plus-vers-la-fin-de-ventes-des-vehicules-legers-thermiques-et-hybrides-rechargeables-neuves-pour-2035.jpg\"><br \/>Lors de la s\u00e9ance pl\u00e9ni\u00e8re du 8 juin 2022, le projet concernant la fin de vente des v\u00e9hicules l\u00e9gers thermiques et hybrides rechargeables neufs d\u2019ici \u00e0 2035 a \u00e9t\u00e9 vot\u00e9 par le Parlement Europ\u00e9en et valid\u00e9 ce 28 juin par le Conseil des Ministres Europ\u00e9ens. Le projet de r\u00e8glement est l\u2019une des 12 propositions du paquet \u00ab Fit For 55 \u00bb visant \u00e0 acc\u00e9l\u00e9rer la lutte contre le d\u00e9r\u00e8glement climatique, notamment par le biais de la mobilit\u00e9 \u00e9lectrique. L\u2019Avere-France, en qualit\u00e9 d\u2019association nationale pour le d\u00e9veloppement de la mobilit\u00e9 \u00e9lectrique, rend compte de cette d\u00e9cision. <a href=\"https:\/\/www.avere-france.org\/reglement-co2-un-pas-de-plus-vers-la-fin-de-ventes-des-vehicules-legers-thermiques-et-hybrides-rechargeables-neuves-pour-2035\/\" target='bwindow' rel=\"noopener\">Lire la suite&#8230;<\/a><\/p>\n","protected":false},"excerpt":{"rendered":"<p>&#8230; <a class=\"continue-reading-link\" href=\"https:\/\/www.evearly.news\/fr\/reglement-co2-un-pas-de-plus-vers-la-fin-de-ventes-des-vehicules-legers-thermiques-et-hybrides-rechargeables-neuves-pour-2035\/\"><\/a><\/p>\n","protected":false},"author":10,"featured_media":0,"comment_status":"closed","ping_status":"closed","sticky":false,"template":"","format":"standard","meta":{"footnotes":""},"categories":[9],"tags":[],"class_list":["post-183730","post","type-post","status-publish","format-standard","hentry","category-avere-france"],"_links":{"self":[{"href":"https:\/\/www.evearly.news\/fr\/wp-json\/wp\/v2\/posts\/183730","targetHints":{"allow":["GET"]}}],"collection":[{"href":"https:\/\/www.evearly.news\/fr\/wp-json\/wp\/v2\/posts"}],"about":[{"href":"https:\/\/www.evearly.news\/fr\/wp-json\/wp\/v2\/types\/post"}],"author":[{"embeddable":true,"href":"https:\/\/www.evearly.news\/fr\/wp-json\/wp\/v2\/users\/10"}],"replies":[{"embeddable":true,"href":"https:\/\/www.evearly.news\/fr\/wp-json\/wp\/v2\/comments?post=183730"}],"version-history":[{"count":0,"href":"https:\/\/www.evearly.news\/fr\/wp-json\/wp\/v2\/posts\/183730\/revisions"}],"wp:attachment":[{"href":"https:\/\/www.evearly.news\/fr\/wp-json\/wp\/v2\/media?parent=183730"}],"wp:term":[{"taxonomy":"category","embeddable":true,"href":"https:\/\/www.evearly.news\/fr\/wp-json\/wp\/v2\/categories?post=183730"},{"taxonomy":"post_tag","embeddable":true,"href":"https:\/\/www.evearly.news\/fr\/wp-json\/wp\/v2\/tags?post=183730"}],"curies":[{"name":"wp","href":"https:\/\/api.w.org\/{rel}","templated":true}]}}