{"id":184053,"date":"2022-06-28T23:01:11","date_gmt":"2022-06-28T21:01:11","guid":{"rendered":"https:\/\/www.auto-moto.com\/?p=354105"},"modified":"2022-06-28T23:01:11","modified_gmt":"2022-06-28T21:01:11","slug":"hyundai-ioniq-6-a-bord-de-la-grande-berline-electrique-video","status":"publish","type":"post","link":"https:\/\/www.evearly.news\/fr\/hyundai-ioniq-6-a-bord-de-la-grande-berline-electrique-video\/","title":{"rendered":"Hyundai Ioniq 6 : \u00e0 bord de la grande berline \u00e9lectrique \u2013 VID\u00c9O"},"content":{"rendered":"<div class=\"media_block\"><img decoding=\"async\" src=\"https:\/\/news.evearly.com\/wp-content\/uploads\/2022\/07\/hyundai-ioniq-6-a-bord-de-la-grande-berline-electrique-video.jpg\" \/>Apr\u00e8s la Ioniq 5, une \u00e9lectrique au look de grosse compacte cubique, Hyundai d\u00e9voile le deuxi\u00e8me mod\u00e8le de sa gamme \u00e9lectrique. Premi\u00e8re rencontre avec la berline profil\u00e9e Ioniq 6. <a href=\"https:\/\/www.auto-moto.com\/nouveautes\/hyundai-ioniq-6-a-bord-de-grande-berline-electrique-354105.html?utm_source=rss_feed&amp;utm_medium=link&amp;utm_campaign=unknown\" target=\"bwindow\" rel=\"noopener\">Lire la suite&#8230;<\/a><\/div>\n","protected":false},"excerpt":{"rendered":"<p>Apr\u00e8s la Ioniq 5, une \u00e9lectrique au look de grosse compacte cubique, Hyundai d\u00e9voile le deuxi\u00e8me mod\u00e8le de sa gamme \u00e9lectrique. Premi\u00e8re rencontre avec la berline profil\u00e9e Ioniq 6&#8230;. <a class=\"continue-reading-link\" href=\"https:\/\/www.evearly.news\/fr\/hyundai-ioniq-6-a-bord-de-la-grande-berline-electrique-video\/\"><\/a><\/p>\n","protected":false},"author":9,"featured_media":184054,"comment_status":"closed","ping_status":"closed","sticky":false,"template":"","format":"standard","meta":{"footnotes":""},"categories":[10],"tags":[],"class_list":["post-184053","post","type-post","status-publish","format-standard","has-post-thumbnail","hentry","category-auto-moto-com"],"_links":{"self":[{"href":"https:\/\/www.evearly.news\/fr\/wp-json\/wp\/v2\/posts\/184053","targetHints":{"allow":["GET"]}}],"collection":[{"href":"https:\/\/www.evearly.news\/fr\/wp-json\/wp\/v2\/posts"}],"about":[{"href":"https:\/\/www.evearly.news\/fr\/wp-json\/wp\/v2\/types\/post"}],"author":[{"embeddable":true,"href":"https:\/\/www.evearly.news\/fr\/wp-json\/wp\/v2\/users\/9"}],"replies":[{"embeddable":true,"href":"https:\/\/www.evearly.news\/fr\/wp-json\/wp\/v2\/comments?post=184053"}],"version-history":[{"count":0,"href":"https:\/\/www.evearly.news\/fr\/wp-json\/wp\/v2\/posts\/184053\/revisions"}],"wp:featuredmedia":[{"embeddable":true,"href":"https:\/\/www.evearly.news\/fr\/wp-json\/"}],"wp:attachment":[{"href":"https:\/\/www.evearly.news\/fr\/wp-json\/wp\/v2\/media?parent=184053"}],"wp:term":[{"taxonomy":"category","embeddable":true,"href":"https:\/\/www.evearly.news\/fr\/wp-json\/wp\/v2\/categories?post=184053"},{"taxonomy":"post_tag","embeddable":true,"href":"https:\/\/www.evearly.news\/fr\/wp-json\/wp\/v2\/tags?post=184053"}],"curies":[{"name":"wp","href":"https:\/\/api.w.org\/{rel}","templated":true}]}}