{"id":184166,"date":"2022-07-01T14:04:58","date_gmt":"2022-07-01T12:04:58","guid":{"rendered":"https:\/\/www.auto-moto.com\/?p=355395"},"modified":"2022-07-01T14:04:58","modified_gmt":"2022-07-01T12:04:58","slug":"smart-1-la-version-brabus-confirmee","status":"publish","type":"post","link":"https:\/\/www.evearly.news\/fr\/smart-1-la-version-brabus-confirmee\/","title":{"rendered":"Smart #1 : la version Brabus confirm\u00e9e"},"content":{"rendered":"<div class=\"media_block\"><img decoding=\"async\" src=\"https:\/\/news.evearly.com\/wp-content\/uploads\/2022\/07\/smart-1-la-version-brabus-confirmee.jpg\" \/>Lors de la pr\u00e9sentation de son SUV urbain \u00e9lectrique, Smart \u00e9voquait d\u00e9j\u00e0 une variante sportive \u00e0 l\u2019image des pr\u00e9c\u00e9dents mod\u00e8les marqu\u00e9s du sigle Brabus. Il semblerait que celle-ci soit pr\u00eate. <a href=\"https:\/\/www.auto-moto.com\/nouveautes\/smart-1-version-brabus-confirmee-355395.html?utm_source=rss_feed&amp;utm_medium=link&amp;utm_campaign=unknown\" target=\"bwindow\" rel=\"noopener\">Lire la suite&#8230;<\/a><\/div>\n","protected":false},"excerpt":{"rendered":"<p>Lors de la pr\u00e9sentation de son SUV urbain \u00e9lectrique, Smart \u00e9voquait d\u00e9j\u00e0 une variante sportive \u00e0 l\u2019image des pr\u00e9c\u00e9dents mod\u00e8les marqu\u00e9s du sigle Brabus. Il semblerait que celle-ci soit pr\u00eate&#8230;. <a class=\"continue-reading-link\" href=\"https:\/\/www.evearly.news\/fr\/smart-1-la-version-brabus-confirmee\/\"><\/a><\/p>\n","protected":false},"author":9,"featured_media":184167,"comment_status":"closed","ping_status":"closed","sticky":false,"template":"","format":"standard","meta":{"footnotes":""},"categories":[10],"tags":[],"class_list":["post-184166","post","type-post","status-publish","format-standard","has-post-thumbnail","hentry","category-auto-moto-com"],"_links":{"self":[{"href":"https:\/\/www.evearly.news\/fr\/wp-json\/wp\/v2\/posts\/184166","targetHints":{"allow":["GET"]}}],"collection":[{"href":"https:\/\/www.evearly.news\/fr\/wp-json\/wp\/v2\/posts"}],"about":[{"href":"https:\/\/www.evearly.news\/fr\/wp-json\/wp\/v2\/types\/post"}],"author":[{"embeddable":true,"href":"https:\/\/www.evearly.news\/fr\/wp-json\/wp\/v2\/users\/9"}],"replies":[{"embeddable":true,"href":"https:\/\/www.evearly.news\/fr\/wp-json\/wp\/v2\/comments?post=184166"}],"version-history":[{"count":0,"href":"https:\/\/www.evearly.news\/fr\/wp-json\/wp\/v2\/posts\/184166\/revisions"}],"wp:featuredmedia":[{"embeddable":true,"href":"https:\/\/www.evearly.news\/fr\/wp-json\/"}],"wp:attachment":[{"href":"https:\/\/www.evearly.news\/fr\/wp-json\/wp\/v2\/media?parent=184166"}],"wp:term":[{"taxonomy":"category","embeddable":true,"href":"https:\/\/www.evearly.news\/fr\/wp-json\/wp\/v2\/categories?post=184166"},{"taxonomy":"post_tag","embeddable":true,"href":"https:\/\/www.evearly.news\/fr\/wp-json\/wp\/v2\/tags?post=184166"}],"curies":[{"name":"wp","href":"https:\/\/api.w.org\/{rel}","templated":true}]}}