{"id":184184,"date":"2022-07-01T17:00:00","date_gmt":"2022-07-01T15:00:00","guid":{"rendered":"https:\/\/www.caradisiac.com\/la-batterie-de-voiture-electrique-pour-les-nuls-196908.htm#xtor=RSS-40"},"modified":"2022-07-01T17:00:00","modified_gmt":"2022-07-01T15:00:00","slug":"la-batterie-de-voiture-electrique-pour-les-nuls","status":"publish","type":"post","link":"https:\/\/www.evearly.news\/fr\/la-batterie-de-voiture-electrique-pour-les-nuls\/","title":{"rendered":"La batterie de voiture \u00e9lectrique pour les nuls"},"content":{"rendered":"<p><img decoding=\"async\" src=\"https:\/\/news.evearly.com\/wp-content\/uploads\/2022\/07\/la-batterie-de-voiture-electrique-pour-les-nuls.jpg\" \/> Le 8\u00a0juin dernier, le Parlement europ\u00e9en a vot\u00e9 l\u2019interdiction de vente de voitures thermiques neuves \u00e0 partir de 2035. De quoi relancer les d\u00e9bats sur la voiture \u00e9lectrique. D\u00e9bats que l\u2019on n\u2019a pas forc\u00e9ment envie d\u2019avoir. Alors autant \u00eatre cal\u00e9 sur la partie n\u00e9vralgique de la discussion, les batteries. Voici le guide de survie du d\u00e9bat sur la voiture \u00e9lectrique. <a href=\"https:\/\/www.caradisiac.com\/la-batterie-de-voiture-electrique-pour-les-nuls-196908.htm#xtor=RSS-40\" target=\"blank\" rel=\"noopener\">Lire la suite&#8230;<\/a><\/p>\n","protected":false},"excerpt":{"rendered":"<p><img decoding=\"async\" src=\"https:\/\/news.evearly.com\/wp-content\/uploads\/2022\/07\/la-batterie-de-voiture-electrique-pour-les-nuls.jpg\" \/> Le 8\u00a0juin dernier, le Parlement europ\u00e9en a vot\u00e9 l\u2019interdiction de vente de voitures thermiques neuves \u00e0 partir de 2035. De quoi relancer les d\u00e9bats sur la voiture \u00e9lectrique. D\u00e9bats que l\u2019on n\u2019a pas forc\u00e9ment envie d\u2019avoir. Alors autant \u00eatre cal\u00e9 sur la partie n\u00e9vralgique de la discussion, les batteries. Voici le guide de survie du d\u00e9bat sur la voiture \u00e9lectrique.<\/p>\n<p> <a class=\"continue-reading-link\" href=\"https:\/\/www.evearly.news\/fr\/la-batterie-de-voiture-electrique-pour-les-nuls\/\"><\/a><\/p>\n","protected":false},"author":11,"featured_media":0,"comment_status":"closed","ping_status":"closed","sticky":false,"template":"","format":"standard","meta":{"footnotes":""},"categories":[11],"tags":[],"class_list":["post-184184","post","type-post","status-publish","format-standard","hentry","category-caradisiac"],"_links":{"self":[{"href":"https:\/\/www.evearly.news\/fr\/wp-json\/wp\/v2\/posts\/184184","targetHints":{"allow":["GET"]}}],"collection":[{"href":"https:\/\/www.evearly.news\/fr\/wp-json\/wp\/v2\/posts"}],"about":[{"href":"https:\/\/www.evearly.news\/fr\/wp-json\/wp\/v2\/types\/post"}],"author":[{"embeddable":true,"href":"https:\/\/www.evearly.news\/fr\/wp-json\/wp\/v2\/users\/11"}],"replies":[{"embeddable":true,"href":"https:\/\/www.evearly.news\/fr\/wp-json\/wp\/v2\/comments?post=184184"}],"version-history":[{"count":0,"href":"https:\/\/www.evearly.news\/fr\/wp-json\/wp\/v2\/posts\/184184\/revisions"}],"wp:attachment":[{"href":"https:\/\/www.evearly.news\/fr\/wp-json\/wp\/v2\/media?parent=184184"}],"wp:term":[{"taxonomy":"category","embeddable":true,"href":"https:\/\/www.evearly.news\/fr\/wp-json\/wp\/v2\/categories?post=184184"},{"taxonomy":"post_tag","embeddable":true,"href":"https:\/\/www.evearly.news\/fr\/wp-json\/wp\/v2\/tags?post=184184"}],"curies":[{"name":"wp","href":"https:\/\/api.w.org\/{rel}","templated":true}]}}