{"id":184215,"date":"2022-07-01T18:00:29","date_gmt":"2022-07-01T16:00:29","guid":{"rendered":"https:\/\/www.automobile-propre.com\/?p=150154"},"modified":"2022-07-01T18:00:29","modified_gmt":"2022-07-01T16:00:29","slug":"essai-renault-kangoo-van-e-tech-electric-un-van-electrique-a-lautonomie-longue-comme-son-nom","status":"publish","type":"post","link":"https:\/\/www.evearly.news\/fr\/essai-renault-kangoo-van-e-tech-electric-un-van-electrique-a-lautonomie-longue-comme-son-nom\/","title":{"rendered":"Essai \u2013 Renault Kangoo Van E-Tech Electric, un van \u00e9lectrique \u00e0 l\u2019autonomie longue comme son nom"},"content":{"rendered":"<p><img loading=\"lazy\" decoding=\"async\" width=\"500\" height=\"333\" src=\"https:\/\/news.evearly.com\/wp-content\/uploads\/2022\/07\/essai-renault-kangoo-van-e-tech-electric-un-van-electrique-a-lautonomie-longue-comme-son-nom.jpg\" class=\"attachment-186x124 size-186x124 wp-post-image\" alt=\"\" \/><br \/>\nUn an apr\u00e8s le lancement du Renault Kangoo Van, sa version \u00e9lectrifi\u00e9e entre en piste. Le Renault Kangoo E-Tech Electric\u2026 <a href=\"https:\/\/www.automobile-propre.com\/essai-renault-kangoo-van-e-tech-electric-un-van-electrique-a-lautonomie-longue-comme-son-nom\/\" target='bwindow' rel=\"noopener\">Lire la suite&#8230;<\/a><\/p>\n","protected":false},"excerpt":{"rendered":"<p>Un an apr\u00e8s le lancement du Renault Kangoo Van, sa version \u00e9lectrifi\u00e9e entre en piste. Le Renault Kangoo E-Tech Electric\u2026&#8230; <a class=\"continue-reading-link\" href=\"https:\/\/www.evearly.news\/fr\/essai-renault-kangoo-van-e-tech-electric-un-van-electrique-a-lautonomie-longue-comme-son-nom\/\"><\/a><\/p>\n","protected":false},"author":8,"featured_media":0,"comment_status":"closed","ping_status":"closed","sticky":false,"template":"","format":"standard","meta":{"footnotes":""},"categories":[8],"tags":[],"class_list":["post-184215","post","type-post","status-publish","format-standard","hentry","category-automobile-propre"],"_links":{"self":[{"href":"https:\/\/www.evearly.news\/fr\/wp-json\/wp\/v2\/posts\/184215","targetHints":{"allow":["GET"]}}],"collection":[{"href":"https:\/\/www.evearly.news\/fr\/wp-json\/wp\/v2\/posts"}],"about":[{"href":"https:\/\/www.evearly.news\/fr\/wp-json\/wp\/v2\/types\/post"}],"author":[{"embeddable":true,"href":"https:\/\/www.evearly.news\/fr\/wp-json\/wp\/v2\/users\/8"}],"replies":[{"embeddable":true,"href":"https:\/\/www.evearly.news\/fr\/wp-json\/wp\/v2\/comments?post=184215"}],"version-history":[{"count":0,"href":"https:\/\/www.evearly.news\/fr\/wp-json\/wp\/v2\/posts\/184215\/revisions"}],"wp:attachment":[{"href":"https:\/\/www.evearly.news\/fr\/wp-json\/wp\/v2\/media?parent=184215"}],"wp:term":[{"taxonomy":"category","embeddable":true,"href":"https:\/\/www.evearly.news\/fr\/wp-json\/wp\/v2\/categories?post=184215"},{"taxonomy":"post_tag","embeddable":true,"href":"https:\/\/www.evearly.news\/fr\/wp-json\/wp\/v2\/tags?post=184215"}],"curies":[{"name":"wp","href":"https:\/\/api.w.org\/{rel}","templated":true}]}}