{"id":184233,"date":"2022-07-01T19:03:02","date_gmt":"2022-07-01T17:03:02","guid":{"rendered":"https:\/\/www.frandroid.com\/?p=1374721"},"modified":"2022-07-01T19:03:02","modified_gmt":"2022-07-01T17:03:02","slug":"essai-de-la-volkswagen-id-5-la-voiture-la-plus-tendance-du-moment","status":"publish","type":"post","link":"https:\/\/www.evearly.news\/fr\/essai-de-la-volkswagen-id-5-la-voiture-la-plus-tendance-du-moment\/","title":{"rendered":"Essai de la Volkswagen ID.5 : la voiture la plus tendance du moment ?"},"content":{"rendered":"<p><img decoding=\"async\" loading=\"lazy\" class=\"alignnone size-medium wp-image-1373681\" src=\"https:\/\/news.evearly.com\/wp-content\/uploads\/2022\/07\/essai-de-la-volkswagen-id-5-la-voiture-la-plus-tendance-du-moment.jpg\" alt=\"essai-volkswagen-id5-44\" width=\"928\" height=\"619\"><br \/>Pratiquement deux ans apr\u00e8s le lancement de la Volkswagen ID.4, la firme allemande pr\u00e9sente l&rsquo;ID.5, un mod\u00e8le que l&rsquo;on pourrait r\u00e9sumer comme une \u00ab\u00a0ID.4 coup\u00e9\u00a0\u00bb. M\u00eame si ces deux mod\u00e8les sont similaires techniquement parlant, nous allons voir qu&rsquo;il y a n\u00e9anmoins quelques diff\u00e9rences. Nous sommes all\u00e9s \u00e0 sa rencontre dans le sud de la France [\u2026] <a href=\"https:\/\/www.frandroid.com\/marques\/volkswagen\/1374721_essai-de-la-volkswagen-id-5-la-voiture-la-plus-tendance-du-moment\" target=\"blank\" rel=\"noopener\">Lire la suite&#8230;<\/a><\/p>\n","protected":false},"excerpt":{"rendered":"<p>&#8230; <a class=\"continue-reading-link\" href=\"https:\/\/www.evearly.news\/fr\/essai-de-la-volkswagen-id-5-la-voiture-la-plus-tendance-du-moment\/\"><\/a><\/p>\n","protected":false},"author":6,"featured_media":184234,"comment_status":"closed","ping_status":"closed","sticky":false,"template":"","format":"standard","meta":{"footnotes":""},"categories":[14],"tags":[],"class_list":["post-184233","post","type-post","status-publish","format-standard","has-post-thumbnail","hentry","category-frandroid"],"_links":{"self":[{"href":"https:\/\/www.evearly.news\/fr\/wp-json\/wp\/v2\/posts\/184233","targetHints":{"allow":["GET"]}}],"collection":[{"href":"https:\/\/www.evearly.news\/fr\/wp-json\/wp\/v2\/posts"}],"about":[{"href":"https:\/\/www.evearly.news\/fr\/wp-json\/wp\/v2\/types\/post"}],"author":[{"embeddable":true,"href":"https:\/\/www.evearly.news\/fr\/wp-json\/wp\/v2\/users\/6"}],"replies":[{"embeddable":true,"href":"https:\/\/www.evearly.news\/fr\/wp-json\/wp\/v2\/comments?post=184233"}],"version-history":[{"count":0,"href":"https:\/\/www.evearly.news\/fr\/wp-json\/wp\/v2\/posts\/184233\/revisions"}],"wp:featuredmedia":[{"embeddable":true,"href":"https:\/\/www.evearly.news\/fr\/wp-json\/"}],"wp:attachment":[{"href":"https:\/\/www.evearly.news\/fr\/wp-json\/wp\/v2\/media?parent=184233"}],"wp:term":[{"taxonomy":"category","embeddable":true,"href":"https:\/\/www.evearly.news\/fr\/wp-json\/wp\/v2\/categories?post=184233"},{"taxonomy":"post_tag","embeddable":true,"href":"https:\/\/www.evearly.news\/fr\/wp-json\/wp\/v2\/tags?post=184233"}],"curies":[{"name":"wp","href":"https:\/\/api.w.org\/{rel}","templated":true}]}}