{"id":184469,"date":"2022-07-01T17:23:09","date_gmt":"2022-07-01T15:23:09","guid":{"rendered":"https:\/\/www.auto-moto.com\/?p=355511"},"modified":"2022-07-01T17:23:09","modified_gmt":"2022-07-01T15:23:09","slug":"volvo-va-construire-une-troisieme-usine-en-europe","status":"publish","type":"post","link":"https:\/\/www.evearly.news\/fr\/volvo-va-construire-une-troisieme-usine-en-europe\/","title":{"rendered":"Volvo va construire une troisi\u00e8me usine en Europe"},"content":{"rendered":"<div class=\"media_block\"><img decoding=\"async\" src=\"https:\/\/sf1.auto-moto.com\/wp-content\/uploads\/sites\/9\/2022\/07\/302768_volvo_cars_gears_up_for_long-term_sustainable_growth_with_new_slovakia-750x410.jpg\" \/>Pour la premi\u00e8re fois depuis 60 ans, Volvo va ouvrir une nouvelle usine en Europe. Situ\u00e9e en Slovaquie, elle produira les futurs mod\u00e8les \u00e9lectriques de la marque. <a href=\"https:\/\/www.auto-moto.com\/actualite\/volvo-va-construire-troisieme-usine-europe-355511.html?utm_source=rss_feed&amp;utm_medium=link&amp;utm_campaign=unknown\" target=\"bwindow\" rel=\"noopener\">Lire la suite&#8230;<\/a><\/div>\n","protected":false},"excerpt":{"rendered":"<p>Pour la premi\u00e8re fois depuis 60 ans, Volvo va ouvrir une nouvelle usine en Europe. Situ\u00e9e en Slovaquie, elle produira les futurs mod\u00e8les \u00e9lectriques de la marque&#8230;. <a class=\"continue-reading-link\" href=\"https:\/\/www.evearly.news\/fr\/volvo-va-construire-une-troisieme-usine-en-europe\/\"><\/a><\/p>\n","protected":false},"author":9,"featured_media":184470,"comment_status":"closed","ping_status":"closed","sticky":false,"template":"","format":"standard","meta":{"footnotes":""},"categories":[10],"tags":[],"class_list":["post-184469","post","type-post","status-publish","format-standard","has-post-thumbnail","hentry","category-auto-moto-com"],"_links":{"self":[{"href":"https:\/\/www.evearly.news\/fr\/wp-json\/wp\/v2\/posts\/184469","targetHints":{"allow":["GET"]}}],"collection":[{"href":"https:\/\/www.evearly.news\/fr\/wp-json\/wp\/v2\/posts"}],"about":[{"href":"https:\/\/www.evearly.news\/fr\/wp-json\/wp\/v2\/types\/post"}],"author":[{"embeddable":true,"href":"https:\/\/www.evearly.news\/fr\/wp-json\/wp\/v2\/users\/9"}],"replies":[{"embeddable":true,"href":"https:\/\/www.evearly.news\/fr\/wp-json\/wp\/v2\/comments?post=184469"}],"version-history":[{"count":0,"href":"https:\/\/www.evearly.news\/fr\/wp-json\/wp\/v2\/posts\/184469\/revisions"}],"wp:featuredmedia":[{"embeddable":true,"href":"https:\/\/www.evearly.news\/fr\/wp-json\/"}],"wp:attachment":[{"href":"https:\/\/www.evearly.news\/fr\/wp-json\/wp\/v2\/media?parent=184469"}],"wp:term":[{"taxonomy":"category","embeddable":true,"href":"https:\/\/www.evearly.news\/fr\/wp-json\/wp\/v2\/categories?post=184469"},{"taxonomy":"post_tag","embeddable":true,"href":"https:\/\/www.evearly.news\/fr\/wp-json\/wp\/v2\/tags?post=184469"}],"curies":[{"name":"wp","href":"https:\/\/api.w.org\/{rel}","templated":true}]}}