{"id":184847,"date":"2022-07-05T15:59:40","date_gmt":"2022-07-05T13:59:40","guid":{"rendered":"https:\/\/www.avere-france.org\/?p=10585"},"modified":"2022-07-05T15:59:40","modified_gmt":"2022-07-05T13:59:40","slug":"clement-molizon-nomme-delegue-general-de-lavere-france","status":"publish","type":"post","link":"https:\/\/www.evearly.news\/fr\/clement-molizon-nomme-delegue-general-de-lavere-france\/","title":{"rendered":"Cl\u00e9ment Molizon nomm\u00e9 D\u00e9l\u00e9gu\u00e9 G\u00e9n\u00e9ral de l\u2019Avere-France"},"content":{"rendered":"<p><img decoding=\"async\" src=\"https:\/\/news.evearly.com\/wp-content\/uploads\/2022\/07\/clement-molizon-nomme-delegue-general-de-lavere-france.jpg\"><br \/>A l\u2019issue du Conseil d\u2019Administration du 5 juillet 2022, Cl\u00e9ment Molizon a \u00e9t\u00e9 nomm\u00e9 D\u00e9l\u00e9gu\u00e9 G\u00e9n\u00e9ral de l\u2019Avere-France, l&rsquo;association nationale pour le d\u00e9veloppement de la mobilit\u00e9 \u00e9lectrique. Il succ\u00e8de d\u00e8s \u00e0 pr\u00e9sent \u00e0 C\u00e9cile Goubet qui, durant plus de quatre ans, a offici\u00e9 \u00e0 ce poste et a largement contribu\u00e9 au d\u00e9veloppement de l\u2019association. Cl\u00e9ment Molizon, jusqu\u2019alors D\u00e9l\u00e9gu\u00e9 G\u00e9n\u00e9ral Adjoint en charge des Relations Institutionnelles de l\u2019Avere-France, en devient son D\u00e9l\u00e9gu\u00e9 G\u00e9n\u00e9ral et rapporte \u00e0 son Pr\u00e9sident, Antoine Herteman. <a href=\"https:\/\/www.avere-france.org\/clement-molizon-nomme-delegue-general-de-lavere-france\/\" target='bwindow' rel=\"noopener\">Lire la suite&#8230;<\/a><\/p>\n","protected":false},"excerpt":{"rendered":"<p>&#8230; <a class=\"continue-reading-link\" href=\"https:\/\/www.evearly.news\/fr\/clement-molizon-nomme-delegue-general-de-lavere-france\/\"><\/a><\/p>\n","protected":false},"author":10,"featured_media":0,"comment_status":"closed","ping_status":"closed","sticky":false,"template":"","format":"standard","meta":{"footnotes":""},"categories":[9],"tags":[],"class_list":["post-184847","post","type-post","status-publish","format-standard","hentry","category-avere-france"],"_links":{"self":[{"href":"https:\/\/www.evearly.news\/fr\/wp-json\/wp\/v2\/posts\/184847","targetHints":{"allow":["GET"]}}],"collection":[{"href":"https:\/\/www.evearly.news\/fr\/wp-json\/wp\/v2\/posts"}],"about":[{"href":"https:\/\/www.evearly.news\/fr\/wp-json\/wp\/v2\/types\/post"}],"author":[{"embeddable":true,"href":"https:\/\/www.evearly.news\/fr\/wp-json\/wp\/v2\/users\/10"}],"replies":[{"embeddable":true,"href":"https:\/\/www.evearly.news\/fr\/wp-json\/wp\/v2\/comments?post=184847"}],"version-history":[{"count":0,"href":"https:\/\/www.evearly.news\/fr\/wp-json\/wp\/v2\/posts\/184847\/revisions"}],"wp:attachment":[{"href":"https:\/\/www.evearly.news\/fr\/wp-json\/wp\/v2\/media?parent=184847"}],"wp:term":[{"taxonomy":"category","embeddable":true,"href":"https:\/\/www.evearly.news\/fr\/wp-json\/wp\/v2\/categories?post=184847"},{"taxonomy":"post_tag","embeddable":true,"href":"https:\/\/www.evearly.news\/fr\/wp-json\/wp\/v2\/tags?post=184847"}],"curies":[{"name":"wp","href":"https:\/\/api.w.org\/{rel}","templated":true}]}}