{"id":184878,"date":"2022-07-05T18:40:35","date_gmt":"2022-07-05T16:40:35","guid":{"rendered":"https:\/\/www.frandroid.com\/?p=1391441"},"modified":"2022-07-05T18:40:35","modified_gmt":"2022-07-05T16:40:35","slug":"pourquoi-la-suisse-a-raison-de-vouloir-taxer-les-voitures-electriques","status":"publish","type":"post","link":"https:\/\/www.evearly.news\/fr\/pourquoi-la-suisse-a-raison-de-vouloir-taxer-les-voitures-electriques\/","title":{"rendered":"Pourquoi la Suisse a raison de vouloir taxer les voitures \u00e9lectriques"},"content":{"rendered":"<p><img decoding=\"async\" loading=\"lazy\" class=\"alignnone size-medium wp-image-1290745\" src=\"https:\/\/news.evearly.com\/wp-content\/uploads\/2022\/07\/pourquoi-la-suisse-a-raison-de-vouloir-taxer-les-voitures-electriques.jpg\" alt=\"Fastned\" width=\"928\" height=\"619\"><br \/>Si les propri\u00e9taires de voitures \u00e9lectriques sont actuellement avantag\u00e9s en Suisse, cela prendra fin d&rsquo;ici \u00e0 2030, a annonc\u00e9 le conseil f\u00e9d\u00e9ral du pays. Avec l&rsquo;augmentation de ventes des v\u00e9hicules \u00e9lectriques, cela devient une n\u00e9cessit\u00e9 pour le l\u00e9gislateur. Si les voitures \u00e9lectriques sont aujourd\u2019hui subventionn\u00e9es de mani\u00e8re cons\u00e9quente dans de nombreux pays comme en France [\u2026] <a href=\"https:\/\/www.frandroid.com\/produits-android\/automobile\/voitures-electriques\/1391441_pourquoi-la-suisse-a-raison-de-vouloir-taxer-les-voitures-electriques\" target=\"blank\" rel=\"noopener\">Lire la suite&#8230;<\/a><\/p>\n","protected":false},"excerpt":{"rendered":"<p>&#8230; <a class=\"continue-reading-link\" href=\"https:\/\/www.evearly.news\/fr\/pourquoi-la-suisse-a-raison-de-vouloir-taxer-les-voitures-electriques\/\"><\/a><\/p>\n","protected":false},"author":6,"featured_media":184879,"comment_status":"closed","ping_status":"closed","sticky":false,"template":"","format":"standard","meta":{"footnotes":""},"categories":[14],"tags":[],"class_list":["post-184878","post","type-post","status-publish","format-standard","has-post-thumbnail","hentry","category-frandroid"],"_links":{"self":[{"href":"https:\/\/www.evearly.news\/fr\/wp-json\/wp\/v2\/posts\/184878","targetHints":{"allow":["GET"]}}],"collection":[{"href":"https:\/\/www.evearly.news\/fr\/wp-json\/wp\/v2\/posts"}],"about":[{"href":"https:\/\/www.evearly.news\/fr\/wp-json\/wp\/v2\/types\/post"}],"author":[{"embeddable":true,"href":"https:\/\/www.evearly.news\/fr\/wp-json\/wp\/v2\/users\/6"}],"replies":[{"embeddable":true,"href":"https:\/\/www.evearly.news\/fr\/wp-json\/wp\/v2\/comments?post=184878"}],"version-history":[{"count":0,"href":"https:\/\/www.evearly.news\/fr\/wp-json\/wp\/v2\/posts\/184878\/revisions"}],"wp:featuredmedia":[{"embeddable":true,"href":"https:\/\/www.evearly.news\/fr\/wp-json\/"}],"wp:attachment":[{"href":"https:\/\/www.evearly.news\/fr\/wp-json\/wp\/v2\/media?parent=184878"}],"wp:term":[{"taxonomy":"category","embeddable":true,"href":"https:\/\/www.evearly.news\/fr\/wp-json\/wp\/v2\/categories?post=184878"},{"taxonomy":"post_tag","embeddable":true,"href":"https:\/\/www.evearly.news\/fr\/wp-json\/wp\/v2\/tags?post=184878"}],"curies":[{"name":"wp","href":"https:\/\/api.w.org\/{rel}","templated":true}]}}