{"id":184939,"date":"2022-07-06T06:00:58","date_gmt":"2022-07-06T04:00:58","guid":{"rendered":"https:\/\/www.avem.fr\/?p=49274"},"modified":"2023-08-17T18:48:11","modified_gmt":"2023-08-17T18:48:11","slug":"bonus-ecologique-prolonge-pour-les-electriques-et-hybrides-rechargeables","status":"publish","type":"post","link":"https:\/\/www.evearly.news\/fr\/bonus-ecologique-prolonge-pour-les-electriques-et-hybrides-rechargeables\/","title":{"rendered":"Bonus \u00e9cologique prolong\u00e9 pour les \u00e9lectriques et hybrides rechargeables"},"content":{"rendered":"<p><img decoding=\"async\" width=\"1000\" height=\"563\" src=\"https:\/\/news.evearly.com\/wp-content\/uploads\/2022\/07\/bonus-ecologique-prolonge-pour-les-electriques-et-hybrides-rechargeables.jpg\" class=\"attachment-post-thumbnail size-post-thumbnail wp-post-image\" alt=\"\" loading=\"lazy\" \/>Initialement, le bonus \u00e9cologique de 6 000 euros pour acqu\u00e9rir une voiture \u00e9lectrique neuve devait \u00eatre r\u00e9duit de 1 000 euros au 1er janvier 2022. Il avait d\u00e9j\u00e0 \u00e9t\u00e9 prolong\u00e9 jusqu\u2019au 30 juin dernier. Nouveau report de 6 mois afin de continuer \u00e0 encourager le passage \u00e0 l\u2019\u00e9lectromobilit\u00e9 par les [\u2026] <a href=\"https:\/\/www.avem.fr\/2022\/07\/06\/bonus-ecologique-prolonge-pour-les-electriques-et-hybrides-rechargeables\/\" target=\"blank\" rel=\"noopener\">Lire la suite&#8230;<\/a><\/p>\n","protected":false},"excerpt":{"rendered":"<p><img decoding=\"async\" width=\"1000\" height=\"563\" src=\"https:\/\/news.evearly.com\/wp-content\/uploads\/2022\/07\/bonus-ecologique-prolonge-pour-les-electriques-et-hybrides-rechargeables.jpg\" class=\"attachment-post-thumbnail size-post-thumbnail wp-post-image\" alt=\"\" loading=\"lazy\" \/>Initialement, le bonus \u00e9cologique de 6 000 euros pour acqu\u00e9rir une voiture \u00e9lectrique neuve devait \u00eatre r\u00e9duit de 1 000 euros au 1er janvier 2022. Il avait d\u00e9j\u00e0 \u00e9t\u00e9 prolong\u00e9 jusqu\u2019au 30 juin dernier. Nouveau report de 6 mois afin de continuer \u00e0 encourager le passage \u00e0 l\u2019\u00e9lectromobilit\u00e9 par les [\u2026] <a class=\"continue-reading-link\" href=\"https:\/\/www.evearly.news\/fr\/bonus-ecologique-prolonge-pour-les-electriques-et-hybrides-rechargeables\/\"><\/a><\/p>\n","protected":false},"author":3,"featured_media":0,"comment_status":"closed","ping_status":"closed","sticky":false,"template":"","format":"standard","meta":{"footnotes":""},"categories":[3],"tags":[],"class_list":["post-184939","post","type-post","status-publish","format-standard","hentry","category-avem"],"_links":{"self":[{"href":"https:\/\/www.evearly.news\/fr\/wp-json\/wp\/v2\/posts\/184939","targetHints":{"allow":["GET"]}}],"collection":[{"href":"https:\/\/www.evearly.news\/fr\/wp-json\/wp\/v2\/posts"}],"about":[{"href":"https:\/\/www.evearly.news\/fr\/wp-json\/wp\/v2\/types\/post"}],"author":[{"embeddable":true,"href":"https:\/\/www.evearly.news\/fr\/wp-json\/wp\/v2\/users\/3"}],"replies":[{"embeddable":true,"href":"https:\/\/www.evearly.news\/fr\/wp-json\/wp\/v2\/comments?post=184939"}],"version-history":[{"count":1,"href":"https:\/\/www.evearly.news\/fr\/wp-json\/wp\/v2\/posts\/184939\/revisions"}],"predecessor-version":[{"id":256683,"href":"https:\/\/www.evearly.news\/fr\/wp-json\/wp\/v2\/posts\/184939\/revisions\/256683"}],"wp:attachment":[{"href":"https:\/\/www.evearly.news\/fr\/wp-json\/wp\/v2\/media?parent=184939"}],"wp:term":[{"taxonomy":"category","embeddable":true,"href":"https:\/\/www.evearly.news\/fr\/wp-json\/wp\/v2\/categories?post=184939"},{"taxonomy":"post_tag","embeddable":true,"href":"https:\/\/www.evearly.news\/fr\/wp-json\/wp\/v2\/tags?post=184939"}],"curies":[{"name":"wp","href":"https:\/\/api.w.org\/{rel}","templated":true}]}}