{"id":184954,"date":"2022-07-06T10:27:00","date_gmt":"2022-07-06T08:27:00","guid":{"rendered":"http:\/\/tag:www.lesnumeriques.com,2004:2\/187107"},"modified":"2022-07-06T10:27:00","modified_gmt":"2022-07-06T08:27:00","slug":"actualite-ducati-v21l-la-moto-electrique-de-course-de-la-prochaine-coupe-du-monde-fim-motoe","status":"publish","type":"post","link":"https:\/\/www.evearly.news\/fr\/actualite-ducati-v21l-la-moto-electrique-de-course-de-la-prochaine-coupe-du-monde-fim-motoe\/","title":{"rendered":"Actualit\u00e9 : Ducati V21L, la moto \u00e9lectrique de course de la prochaine Coupe du monde FIM MotoE"},"content":{"rendered":"<p><img decoding=\"async\" src=\"https:\/\/news.evearly.com\/wp-content\/uploads\/2022\/07\/actualite-ducati-v21l-la-moto-electrique-de-course-de-la-prochaine-coupe-du-monde-fim-motoe.jpg\" \/>Ducati d\u00e9voile la V21L, un prototype de moto \u00e9lectrique qui \u00e9quipera \u00e0 partir de 2023 la cat\u00e9gorie MotoE, le championnat du monde de moto \u00e9lectrique. Au programme\u00a0: 225\u00a0kg pour 147\u00a0ch, et une vitesse de 275\u00a0km\/h. <a href=\"https:\/\/www.lesnumeriques.com\/moto\/ducati-v21l-la-moto-electrique-de-course-de-la-prochaine-coupe-du-monde-fim-motoe-n187107.html\" target='bwindow' rel=\"noopener\">Lire la suite&#8230;<\/a><\/p>\n","protected":false},"excerpt":{"rendered":"<p>Ducati d\u00e9voile la V21L, un prototype de moto \u00e9lectrique qui \u00e9quipera \u00e0 partir de 2023 la cat\u00e9gorie MotoE, le championnat du monde de moto \u00e9lectrique. Au programme\u00a0: 225\u00a0kg pour 147\u00a0ch, et&#8230; <a class=\"continue-reading-link\" href=\"https:\/\/www.evearly.news\/fr\/actualite-ducati-v21l-la-moto-electrique-de-course-de-la-prochaine-coupe-du-monde-fim-motoe\/\"><\/a><\/p>\n","protected":false},"author":15,"featured_media":0,"comment_status":"closed","ping_status":"closed","sticky":false,"template":"","format":"standard","meta":{"footnotes":""},"categories":[16],"tags":[],"class_list":["post-184954","post","type-post","status-publish","format-standard","hentry","category-lesnumeriques"],"_links":{"self":[{"href":"https:\/\/www.evearly.news\/fr\/wp-json\/wp\/v2\/posts\/184954","targetHints":{"allow":["GET"]}}],"collection":[{"href":"https:\/\/www.evearly.news\/fr\/wp-json\/wp\/v2\/posts"}],"about":[{"href":"https:\/\/www.evearly.news\/fr\/wp-json\/wp\/v2\/types\/post"}],"author":[{"embeddable":true,"href":"https:\/\/www.evearly.news\/fr\/wp-json\/wp\/v2\/users\/15"}],"replies":[{"embeddable":true,"href":"https:\/\/www.evearly.news\/fr\/wp-json\/wp\/v2\/comments?post=184954"}],"version-history":[{"count":0,"href":"https:\/\/www.evearly.news\/fr\/wp-json\/wp\/v2\/posts\/184954\/revisions"}],"wp:attachment":[{"href":"https:\/\/www.evearly.news\/fr\/wp-json\/wp\/v2\/media?parent=184954"}],"wp:term":[{"taxonomy":"category","embeddable":true,"href":"https:\/\/www.evearly.news\/fr\/wp-json\/wp\/v2\/categories?post=184954"},{"taxonomy":"post_tag","embeddable":true,"href":"https:\/\/www.evearly.news\/fr\/wp-json\/wp\/v2\/tags?post=184954"}],"curies":[{"name":"wp","href":"https:\/\/api.w.org\/{rel}","templated":true}]}}