{"id":184999,"date":"2022-07-06T13:35:26","date_gmt":"2022-07-06T11:35:26","guid":{"rendered":"https:\/\/www.phonandroid.com\/?p=2472169"},"modified":"2022-07-06T13:35:26","modified_gmt":"2022-07-06T11:35:26","slug":"voitures-autonomes-la-conduite-sans-les-mains-sera-autorisee-en-france-des-septembre-2022","status":"publish","type":"post","link":"https:\/\/www.evearly.news\/fr\/voitures-autonomes-la-conduite-sans-les-mains-sera-autorisee-en-france-des-septembre-2022\/","title":{"rendered":"Voitures autonomes : la conduite \u201csans les mains\u201d sera autoris\u00e9e en France d\u00e8s septembre 2022"},"content":{"rendered":"<p><img decoding=\"async\" src=\"https:\/\/news.evearly.com\/wp-content\/uploads\/2022\/07\/voitures-autonomes-la-conduite-sans-les-mains-sera-autorisee-en-france-des-septembre-2022.jpg\"><br \/>La conduite autonome de niveau 3 sera autoris\u00e9e d\u00e8s ce 1er juillet 2022 au sein de l&rsquo;Union europ\u00e9enne. En France, cette mesure entrera en vigueur d\u00e8s le 1er septembre. Bien entendu, les propri\u00e9taires de v\u00e9hicules compatibles pourront opter pour la&#8230; <a href=\"https:\/\/www.phonandroid.com\/voitures-autonomes-la-conduite-sans-les-mains-sera-autorisee-en-france-des-septembre-2022.html\" target=\"blank\" rel=\"noopener\">Lire la suite&#8230;<\/a><\/p>\n","protected":false},"excerpt":{"rendered":"<p>&#8230; <a class=\"continue-reading-link\" href=\"https:\/\/www.evearly.news\/fr\/voitures-autonomes-la-conduite-sans-les-mains-sera-autorisee-en-france-des-septembre-2022\/\"><\/a><\/p>\n","protected":false},"author":17,"featured_media":0,"comment_status":"closed","ping_status":"closed","sticky":false,"template":"","format":"standard","meta":{"footnotes":""},"categories":[18],"tags":[],"class_list":["post-184999","post","type-post","status-publish","format-standard","hentry","category-phonandroid"],"_links":{"self":[{"href":"https:\/\/www.evearly.news\/fr\/wp-json\/wp\/v2\/posts\/184999","targetHints":{"allow":["GET"]}}],"collection":[{"href":"https:\/\/www.evearly.news\/fr\/wp-json\/wp\/v2\/posts"}],"about":[{"href":"https:\/\/www.evearly.news\/fr\/wp-json\/wp\/v2\/types\/post"}],"author":[{"embeddable":true,"href":"https:\/\/www.evearly.news\/fr\/wp-json\/wp\/v2\/users\/17"}],"replies":[{"embeddable":true,"href":"https:\/\/www.evearly.news\/fr\/wp-json\/wp\/v2\/comments?post=184999"}],"version-history":[{"count":0,"href":"https:\/\/www.evearly.news\/fr\/wp-json\/wp\/v2\/posts\/184999\/revisions"}],"wp:attachment":[{"href":"https:\/\/www.evearly.news\/fr\/wp-json\/wp\/v2\/media?parent=184999"}],"wp:term":[{"taxonomy":"category","embeddable":true,"href":"https:\/\/www.evearly.news\/fr\/wp-json\/wp\/v2\/categories?post=184999"},{"taxonomy":"post_tag","embeddable":true,"href":"https:\/\/www.evearly.news\/fr\/wp-json\/wp\/v2\/tags?post=184999"}],"curies":[{"name":"wp","href":"https:\/\/api.w.org\/{rel}","templated":true}]}}