{"id":185175,"date":"2022-07-07T09:37:58","date_gmt":"2022-07-07T07:37:58","guid":{"rendered":"https:\/\/www.avem.fr\/?p=49289"},"modified":"2023-08-17T18:48:09","modified_gmt":"2023-08-17T18:48:09","slug":"pionniere-de-la-mobilite-electrique-la-bmw-i3-tire-sa-reverence","status":"publish","type":"post","link":"https:\/\/www.evearly.news\/fr\/pionniere-de-la-mobilite-electrique-la-bmw-i3-tire-sa-reverence\/","title":{"rendered":"Pionni\u00e8re de la mobilit\u00e9 \u00e9lectrique, la BMW i3 tire sa r\u00e9v\u00e9rence"},"content":{"rendered":"<p><img decoding=\"async\" width=\"1000\" height=\"563\" src=\"https:\/\/news.evearly.com\/wp-content\/uploads\/2022\/07\/pionniere-de-la-mobilite-electrique-la-bmw-i3-tire-sa-reverence.jpg\" class=\"attachment-post-thumbnail size-post-thumbnail wp-post-image\" alt=\"BMW i3 Arr\u00eat production\" loading=\"lazy\" \/>Huit ans et demi apr\u00e8s son lancement, BMW vient d\u2019annoncer l\u2019arr\u00eat de la production de la BMW i3. Une \u00e9poque s\u2019ach\u00e8ve ainsi au sein de l\u2019usine du groupe de Leipzig, site de production de toutes les BMW i3. Vendue dans plus de 74 pays, cette pionni\u00e8re de la mobilit\u00e9 s\u2019arr\u00eate [\u2026] <a href=\"https:\/\/www.avem.fr\/2022\/07\/07\/pionniere-de-la-mobilite-electrique-la-bmw-i3-tire-sa-reverence\/\" target=\"blank\" rel=\"noopener\">Lire la suite&#8230;<\/a><\/p>\n","protected":false},"excerpt":{"rendered":"<p><img decoding=\"async\" width=\"1000\" height=\"563\" src=\"https:\/\/news.evearly.com\/wp-content\/uploads\/2022\/07\/pionniere-de-la-mobilite-electrique-la-bmw-i3-tire-sa-reverence.jpg\" class=\"attachment-post-thumbnail size-post-thumbnail wp-post-image\" alt=\"BMW i3 Arr\u00eat production\" loading=\"lazy\" \/>Huit ans et demi apr\u00e8s son lancement, BMW vient d\u2019annoncer l\u2019arr\u00eat de la production de la BMW i3. Une \u00e9poque s\u2019ach\u00e8ve ainsi au sein de l\u2019usine du groupe de Leipzig, site de production de toutes les BMW i3. Vendue dans plus de 74 pays, cette pionni\u00e8re de la mobilit\u00e9 s\u2019arr\u00eate [\u2026] <a class=\"continue-reading-link\" href=\"https:\/\/www.evearly.news\/fr\/pionniere-de-la-mobilite-electrique-la-bmw-i3-tire-sa-reverence\/\"><\/a><\/p>\n","protected":false},"author":3,"featured_media":0,"comment_status":"closed","ping_status":"closed","sticky":false,"template":"","format":"standard","meta":{"footnotes":""},"categories":[3],"tags":[],"class_list":["post-185175","post","type-post","status-publish","format-standard","hentry","category-avem"],"_links":{"self":[{"href":"https:\/\/www.evearly.news\/fr\/wp-json\/wp\/v2\/posts\/185175","targetHints":{"allow":["GET"]}}],"collection":[{"href":"https:\/\/www.evearly.news\/fr\/wp-json\/wp\/v2\/posts"}],"about":[{"href":"https:\/\/www.evearly.news\/fr\/wp-json\/wp\/v2\/types\/post"}],"author":[{"embeddable":true,"href":"https:\/\/www.evearly.news\/fr\/wp-json\/wp\/v2\/users\/3"}],"replies":[{"embeddable":true,"href":"https:\/\/www.evearly.news\/fr\/wp-json\/wp\/v2\/comments?post=185175"}],"version-history":[{"count":1,"href":"https:\/\/www.evearly.news\/fr\/wp-json\/wp\/v2\/posts\/185175\/revisions"}],"predecessor-version":[{"id":256681,"href":"https:\/\/www.evearly.news\/fr\/wp-json\/wp\/v2\/posts\/185175\/revisions\/256681"}],"wp:attachment":[{"href":"https:\/\/www.evearly.news\/fr\/wp-json\/wp\/v2\/media?parent=185175"}],"wp:term":[{"taxonomy":"category","embeddable":true,"href":"https:\/\/www.evearly.news\/fr\/wp-json\/wp\/v2\/categories?post=185175"},{"taxonomy":"post_tag","embeddable":true,"href":"https:\/\/www.evearly.news\/fr\/wp-json\/wp\/v2\/tags?post=185175"}],"curies":[{"name":"wp","href":"https:\/\/api.w.org\/{rel}","templated":true}]}}