{"id":185244,"date":"2022-07-07T10:41:12","date_gmt":"2022-07-07T08:41:12","guid":{"rendered":"https:\/\/www.frandroid.com\/?p=1394153"},"modified":"2022-07-07T10:41:12","modified_gmt":"2022-07-07T08:41:12","slug":"volkswagen-id-buzz-la-production-repart-apres-un-probleme-de-batterie","status":"publish","type":"post","link":"https:\/\/www.evearly.news\/fr\/volkswagen-id-buzz-la-production-repart-apres-un-probleme-de-batterie\/","title":{"rendered":"Volkswagen ID. Buzz\u00a0: la production repart apr\u00e8s un probl\u00e8me de batterie"},"content":{"rendered":"<p><img decoding=\"async\" loading=\"lazy\" class=\"size-medium wp-image-1394201 aligncenter\" src=\"https:\/\/news.evearly.com\/wp-content\/uploads\/2022\/07\/volkswagen-id-buzz-la-production-repart-apres-un-probleme-de-batterie.jpg\" alt=\"Volkswagen ID. Buzz-00007\" width=\"928\" height=\"619\"><br \/>\u00c7a y est, la production du nouveau combi \u00e9lectrique Volkswagen ID. Buzz aurait repris dans les usines allemandes. Le probl\u00e8me de batterie aurait \u00e9t\u00e9 r\u00e9solu. \u00c0 la fin du mois de juin, Volkswagen avait \u00e9t\u00e9 contraint d\u2019arr\u00eater la production de son ID. Buzz, le rempla\u00e7ant \u00e9lectrique du Multivan qu\u2019on avait pu d\u00e9couvrir en d\u00e9tail en [\u2026] <a href=\"https:\/\/www.frandroid.com\/marques\/volkswagen\/1394153_volkswagen-id-buzz-la-production-repart-apres-un-probleme-de-batterie\" target=\"blank\" rel=\"noopener\">Lire la suite&#8230;<\/a><\/p>\n","protected":false},"excerpt":{"rendered":"<p>&#8230; <a class=\"continue-reading-link\" href=\"https:\/\/www.evearly.news\/fr\/volkswagen-id-buzz-la-production-repart-apres-un-probleme-de-batterie\/\"><\/a><\/p>\n","protected":false},"author":6,"featured_media":185245,"comment_status":"closed","ping_status":"closed","sticky":false,"template":"","format":"standard","meta":{"footnotes":""},"categories":[14],"tags":[],"class_list":["post-185244","post","type-post","status-publish","format-standard","has-post-thumbnail","hentry","category-frandroid"],"_links":{"self":[{"href":"https:\/\/www.evearly.news\/fr\/wp-json\/wp\/v2\/posts\/185244","targetHints":{"allow":["GET"]}}],"collection":[{"href":"https:\/\/www.evearly.news\/fr\/wp-json\/wp\/v2\/posts"}],"about":[{"href":"https:\/\/www.evearly.news\/fr\/wp-json\/wp\/v2\/types\/post"}],"author":[{"embeddable":true,"href":"https:\/\/www.evearly.news\/fr\/wp-json\/wp\/v2\/users\/6"}],"replies":[{"embeddable":true,"href":"https:\/\/www.evearly.news\/fr\/wp-json\/wp\/v2\/comments?post=185244"}],"version-history":[{"count":0,"href":"https:\/\/www.evearly.news\/fr\/wp-json\/wp\/v2\/posts\/185244\/revisions"}],"wp:featuredmedia":[{"embeddable":true,"href":"https:\/\/www.evearly.news\/fr\/wp-json\/"}],"wp:attachment":[{"href":"https:\/\/www.evearly.news\/fr\/wp-json\/wp\/v2\/media?parent=185244"}],"wp:term":[{"taxonomy":"category","embeddable":true,"href":"https:\/\/www.evearly.news\/fr\/wp-json\/wp\/v2\/categories?post=185244"},{"taxonomy":"post_tag","embeddable":true,"href":"https:\/\/www.evearly.news\/fr\/wp-json\/wp\/v2\/tags?post=185244"}],"curies":[{"name":"wp","href":"https:\/\/api.w.org\/{rel}","templated":true}]}}