{"id":186182,"date":"2022-07-12T10:45:09","date_gmt":"2022-07-12T08:45:09","guid":{"rendered":"https:\/\/www.avere-france.org\/?p=10746"},"modified":"2022-07-12T10:45:09","modified_gmt":"2022-07-12T08:45:09","slug":"recharge-des-vehicules-electriques-sur-autoroutes-ou-en-est-on","status":"publish","type":"post","link":"https:\/\/www.evearly.news\/fr\/recharge-des-vehicules-electriques-sur-autoroutes-ou-en-est-on\/","title":{"rendered":"Recharge des v\u00e9hicules \u00e9lectriques sur autoroutes : o\u00f9 en est-on ?"},"content":{"rendered":"<p><img decoding=\"async\" src=\"https:\/\/news.evearly.com\/wp-content\/uploads\/2022\/07\/recharge-des-vehicules-electriques-sur-autoroutes-ou-en-est-on.jpg\"><br \/>Alors que les Fran\u00e7ais commencent \u00e0 partir en vacances d\u2019\u00e9t\u00e9, l\u2019Avere-France, en qualit\u00e9 d\u2019association nationale pour le d\u00e9veloppement de la mobilit\u00e9 \u00e9lectrique, fait le point sur les d\u00e9ploiements d\u2019infrastructures de recharge sur les autoroutes. Au 30 juin 2022, 60 % des aires de service du r\u00e9seau conc\u00e9d\u00e9 \u00e9taient \u00e9quip\u00e9es en recharge rapide (source\u202f: <a href=\"https:\/\/www.autoroutes.fr\/index.htm\" target=\"_blank\" rel=\"noreferrer noopener\">ASFA<\/a>)\u202f; 100 % des aires de service devront \u00eatre \u00e9quip\u00e9es d\u2019ici la fin de l\u2019ann\u00e9e. Une dynamique qu\u2019il appara\u00eet n\u00e9cessaire de maintenir pour r\u00e9pondre aux besoins des utilisateurs de v\u00e9hicules \u00e9lectriques, de plus en plus nombreux.\u00a0\u00a0 <a href=\"https:\/\/www.avere-france.org\/recharge-des-vehicules-electriques-sur-autoroutes-ou-en-est-on\/\" target='bwindow' rel=\"noopener\">Lire la suite&#8230;<\/a><\/p>\n","protected":false},"excerpt":{"rendered":"<p>&#8230; <a class=\"continue-reading-link\" href=\"https:\/\/www.evearly.news\/fr\/recharge-des-vehicules-electriques-sur-autoroutes-ou-en-est-on\/\"><\/a><\/p>\n","protected":false},"author":10,"featured_media":0,"comment_status":"closed","ping_status":"closed","sticky":false,"template":"","format":"standard","meta":{"footnotes":""},"categories":[9],"tags":[],"class_list":["post-186182","post","type-post","status-publish","format-standard","hentry","category-avere-france"],"_links":{"self":[{"href":"https:\/\/www.evearly.news\/fr\/wp-json\/wp\/v2\/posts\/186182","targetHints":{"allow":["GET"]}}],"collection":[{"href":"https:\/\/www.evearly.news\/fr\/wp-json\/wp\/v2\/posts"}],"about":[{"href":"https:\/\/www.evearly.news\/fr\/wp-json\/wp\/v2\/types\/post"}],"author":[{"embeddable":true,"href":"https:\/\/www.evearly.news\/fr\/wp-json\/wp\/v2\/users\/10"}],"replies":[{"embeddable":true,"href":"https:\/\/www.evearly.news\/fr\/wp-json\/wp\/v2\/comments?post=186182"}],"version-history":[{"count":0,"href":"https:\/\/www.evearly.news\/fr\/wp-json\/wp\/v2\/posts\/186182\/revisions"}],"wp:attachment":[{"href":"https:\/\/www.evearly.news\/fr\/wp-json\/wp\/v2\/media?parent=186182"}],"wp:term":[{"taxonomy":"category","embeddable":true,"href":"https:\/\/www.evearly.news\/fr\/wp-json\/wp\/v2\/categories?post=186182"},{"taxonomy":"post_tag","embeddable":true,"href":"https:\/\/www.evearly.news\/fr\/wp-json\/wp\/v2\/tags?post=186182"}],"curies":[{"name":"wp","href":"https:\/\/api.w.org\/{rel}","templated":true}]}}