{"id":186357,"date":"2022-07-13T15:02:26","date_gmt":"2022-07-13T13:02:26","guid":{"rendered":"https:\/\/insideevs.fr\/news\/597767\/location-voiture-electrique-gouvernement-100-euros\/"},"modified":"2022-07-13T15:02:26","modified_gmt":"2022-07-13T13:02:26","slug":"voiture-electrique-a-100-euros-par-mois-il-faudra-attendre-2023","status":"publish","type":"post","link":"https:\/\/www.evearly.news\/fr\/voiture-electrique-a-100-euros-par-mois-il-faudra-attendre-2023\/","title":{"rendered":"Voiture \u00e9lectrique \u00e0 100 euros par mois : il faudra attendre 2023"},"content":{"rendered":"<div class=\"media_block\"><img decoding=\"async\" src=\"https:\/\/news.evearly.com\/wp-content\/uploads\/2022\/07\/voiture-electrique-a-100-euros-par-mois-il-faudra-attendre-2023.jpg\"><\/div>\n<p>Encore un peu de patience pour b\u00e9n\u00e9ficier de l&rsquo;offre de location de v\u00e9hicule \u00e9lectrique propos\u00e9e par le gouvernement.<a href=\"https:\/\/insideevs.fr\/news\/597767\/location-voiture-electrique-gouvernement-100-euros\/\" target=\"blank\" rel=\"noopener\"> Lire la suite&#8230;<\/a><\/p>\n","protected":false},"excerpt":{"rendered":"<div class=\"media_block\"><img decoding=\"async\" src=\"https:\/\/news.evearly.com\/wp-content\/uploads\/2022\/07\/voiture-electrique-a-100-euros-par-mois-il-faudra-attendre-2023.jpg\"><\/div>\n<p>Encore un peu de patience pour b\u00e9n\u00e9ficier de l&rsquo;offre de location de v\u00e9hicule \u00e9lectrique propos\u00e9e par le gouvernement. <a class=\"continue-reading-link\" href=\"https:\/\/www.evearly.news\/fr\/voiture-electrique-a-100-euros-par-mois-il-faudra-attendre-2023\/\"><\/a><\/p>\n","protected":false},"author":14,"featured_media":0,"comment_status":"closed","ping_status":"closed","sticky":false,"template":"","format":"standard","meta":{"footnotes":""},"categories":[15],"tags":[],"class_list":["post-186357","post","type-post","status-publish","format-standard","hentry","category-insideevs"],"_links":{"self":[{"href":"https:\/\/www.evearly.news\/fr\/wp-json\/wp\/v2\/posts\/186357","targetHints":{"allow":["GET"]}}],"collection":[{"href":"https:\/\/www.evearly.news\/fr\/wp-json\/wp\/v2\/posts"}],"about":[{"href":"https:\/\/www.evearly.news\/fr\/wp-json\/wp\/v2\/types\/post"}],"author":[{"embeddable":true,"href":"https:\/\/www.evearly.news\/fr\/wp-json\/wp\/v2\/users\/14"}],"replies":[{"embeddable":true,"href":"https:\/\/www.evearly.news\/fr\/wp-json\/wp\/v2\/comments?post=186357"}],"version-history":[{"count":0,"href":"https:\/\/www.evearly.news\/fr\/wp-json\/wp\/v2\/posts\/186357\/revisions"}],"wp:attachment":[{"href":"https:\/\/www.evearly.news\/fr\/wp-json\/wp\/v2\/media?parent=186357"}],"wp:term":[{"taxonomy":"category","embeddable":true,"href":"https:\/\/www.evearly.news\/fr\/wp-json\/wp\/v2\/categories?post=186357"},{"taxonomy":"post_tag","embeddable":true,"href":"https:\/\/www.evearly.news\/fr\/wp-json\/wp\/v2\/tags?post=186357"}],"curies":[{"name":"wp","href":"https:\/\/api.w.org\/{rel}","templated":true}]}}