{"id":186394,"date":"2022-07-13T16:44:01","date_gmt":"2022-07-13T14:44:01","guid":{"rendered":"https:\/\/www.frandroid.com\/?p=1402083"},"modified":"2022-07-13T16:44:01","modified_gmt":"2022-07-13T14:44:01","slug":"volkswagen-compte-sur-le-co-fondateur-de-tesla-pour-recycler-les-batteries-de-ses-voitures-electriques","status":"publish","type":"post","link":"https:\/\/www.evearly.news\/fr\/volkswagen-compte-sur-le-co-fondateur-de-tesla-pour-recycler-les-batteries-de-ses-voitures-electriques\/","title":{"rendered":"Volkswagen compte sur le co-fondateur de Tesla pour recycler les batteries de ses voitures \u00e9lectriques"},"content":{"rendered":"<p><img decoding=\"async\" loading=\"lazy\" class=\"alignnone size-medium wp-image-1394215\" src=\"https:\/\/news.evearly.com\/wp-content\/uploads\/2022\/07\/volkswagen-compte-sur-le-co-fondateur-de-tesla-pour-recycler-les-batteries-de-ses-voitures-electriques.jpg\" alt=\"Volkswagen ID. Buzz usine\" width=\"928\" height=\"522\"><br \/>Si le recyclage des batteries des v\u00e9hicules \u00e9lectriques est encore peu connu du grand public, l&rsquo;immense majorit\u00e9 des constructeurs se sont d&rsquo;ores et d\u00e9j\u00e0 engag\u00e9s pour trouver une seconde vie \u00e0 cette pi\u00e8ce indispensable de la voiture branch\u00e9e. Aujourd&rsquo;hui, nous apprenons que Volkswagen aux \u00c9tats-Unis va faire appel \u00e0 un sp\u00e9cialiste du domaine : Redwood [\u2026] <a href=\"https:\/\/www.frandroid.com\/marques\/volkswagen\/1402083_volkswagen-compte-sur-le-co-fondateur-de-tesla-pour-recycler-les-batteries-de-ses-voitures-electriques\" target=\"blank\" rel=\"noopener\">Lire la suite&#8230;<\/a><\/p>\n","protected":false},"excerpt":{"rendered":"<p>&#8230; <a class=\"continue-reading-link\" href=\"https:\/\/www.evearly.news\/fr\/volkswagen-compte-sur-le-co-fondateur-de-tesla-pour-recycler-les-batteries-de-ses-voitures-electriques\/\"><\/a><\/p>\n","protected":false},"author":6,"featured_media":186395,"comment_status":"closed","ping_status":"closed","sticky":false,"template":"","format":"standard","meta":{"footnotes":""},"categories":[14],"tags":[],"class_list":["post-186394","post","type-post","status-publish","format-standard","has-post-thumbnail","hentry","category-frandroid"],"_links":{"self":[{"href":"https:\/\/www.evearly.news\/fr\/wp-json\/wp\/v2\/posts\/186394","targetHints":{"allow":["GET"]}}],"collection":[{"href":"https:\/\/www.evearly.news\/fr\/wp-json\/wp\/v2\/posts"}],"about":[{"href":"https:\/\/www.evearly.news\/fr\/wp-json\/wp\/v2\/types\/post"}],"author":[{"embeddable":true,"href":"https:\/\/www.evearly.news\/fr\/wp-json\/wp\/v2\/users\/6"}],"replies":[{"embeddable":true,"href":"https:\/\/www.evearly.news\/fr\/wp-json\/wp\/v2\/comments?post=186394"}],"version-history":[{"count":0,"href":"https:\/\/www.evearly.news\/fr\/wp-json\/wp\/v2\/posts\/186394\/revisions"}],"wp:featuredmedia":[{"embeddable":true,"href":"https:\/\/www.evearly.news\/fr\/wp-json\/"}],"wp:attachment":[{"href":"https:\/\/www.evearly.news\/fr\/wp-json\/wp\/v2\/media?parent=186394"}],"wp:term":[{"taxonomy":"category","embeddable":true,"href":"https:\/\/www.evearly.news\/fr\/wp-json\/wp\/v2\/categories?post=186394"},{"taxonomy":"post_tag","embeddable":true,"href":"https:\/\/www.evearly.news\/fr\/wp-json\/wp\/v2\/tags?post=186394"}],"curies":[{"name":"wp","href":"https:\/\/api.w.org\/{rel}","templated":true}]}}