{"id":186701,"date":"2022-07-15T09:48:20","date_gmt":"2022-07-15T07:48:20","guid":{"rendered":"https:\/\/www.avere-france.org\/?p=10733"},"modified":"2022-07-15T09:48:20","modified_gmt":"2022-07-15T07:48:20","slug":"renault-un-nouveau-moteur-electrique-lance-a-cleon","status":"publish","type":"post","link":"https:\/\/www.evearly.news\/fr\/renault-un-nouveau-moteur-electrique-lance-a-cleon\/","title":{"rendered":"Renault : un nouveau moteur \u00e9lectrique lanc\u00e9 \u00e0 Cl\u00e9on"},"content":{"rendered":"<p><img decoding=\"async\" src=\"https:\/\/news.evearly.com\/wp-content\/uploads\/2022\/07\/renault-un-nouveau-moteur-electrique-lance-a-cleon.jpg\"><br \/>Dans la continuit\u00e9 de la cr\u00e9ation du p\u00f4le Renault ElectriCity, l\u2019usine normande de Cl\u00e9on vient d\u2019inaugurer une nouvelle ligne de fabrication de moteurs \u00e9lectriques. <a href=\"https:\/\/www.avere-france.org\/renault-un-nouveau-moteur-electrique-lance-a-cleon\/\" target='bwindow' rel=\"noopener\">Lire la suite&#8230;<\/a><\/p>\n","protected":false},"excerpt":{"rendered":"<p>&#8230; <a class=\"continue-reading-link\" href=\"https:\/\/www.evearly.news\/fr\/renault-un-nouveau-moteur-electrique-lance-a-cleon\/\"><\/a><\/p>\n","protected":false},"author":10,"featured_media":0,"comment_status":"closed","ping_status":"closed","sticky":false,"template":"","format":"standard","meta":{"footnotes":""},"categories":[9],"tags":[],"class_list":["post-186701","post","type-post","status-publish","format-standard","hentry","category-avere-france"],"_links":{"self":[{"href":"https:\/\/www.evearly.news\/fr\/wp-json\/wp\/v2\/posts\/186701","targetHints":{"allow":["GET"]}}],"collection":[{"href":"https:\/\/www.evearly.news\/fr\/wp-json\/wp\/v2\/posts"}],"about":[{"href":"https:\/\/www.evearly.news\/fr\/wp-json\/wp\/v2\/types\/post"}],"author":[{"embeddable":true,"href":"https:\/\/www.evearly.news\/fr\/wp-json\/wp\/v2\/users\/10"}],"replies":[{"embeddable":true,"href":"https:\/\/www.evearly.news\/fr\/wp-json\/wp\/v2\/comments?post=186701"}],"version-history":[{"count":0,"href":"https:\/\/www.evearly.news\/fr\/wp-json\/wp\/v2\/posts\/186701\/revisions"}],"wp:attachment":[{"href":"https:\/\/www.evearly.news\/fr\/wp-json\/wp\/v2\/media?parent=186701"}],"wp:term":[{"taxonomy":"category","embeddable":true,"href":"https:\/\/www.evearly.news\/fr\/wp-json\/wp\/v2\/categories?post=186701"},{"taxonomy":"post_tag","embeddable":true,"href":"https:\/\/www.evearly.news\/fr\/wp-json\/wp\/v2\/tags?post=186701"}],"curies":[{"name":"wp","href":"https:\/\/api.w.org\/{rel}","templated":true}]}}