{"id":189285,"date":"2022-07-29T17:17:31","date_gmt":"2022-07-29T15:17:31","guid":{"rendered":"https:\/\/www.avem.fr\/?p=49570"},"modified":"2023-08-17T18:47:50","modified_gmt":"2023-08-17T18:47:50","slug":"de-puissants-pickups-ford-f-150-electriques-pour-la-police-americaine","status":"publish","type":"post","link":"https:\/\/www.evearly.news\/fr\/de-puissants-pickups-ford-f-150-electriques-pour-la-police-americaine\/","title":{"rendered":"De puissants pickups Ford F-150 \u00e9lectriques pour la police am\u00e9ricaine"},"content":{"rendered":"<p><img decoding=\"async\" width=\"1000\" height=\"563\" src=\"https:\/\/news.evearly.com\/wp-content\/uploads\/2022\/07\/de-puissants-pickups-ford-f-150-electriques-pour-la-police-americaine.jpg\" class=\"attachment-post-thumbnail size-post-thumbnail wp-post-image\" alt=\"Pickup \u00e9lectrique Ford F-150 Lightning Pro SSV Police\" loading=\"lazy\" \/>Ford vient de pr\u00e9senter la d\u00e9clinaison adapt\u00e9e pour la police am\u00e9ricaine de son pickup \u00e9lectrique F-150. \u00a0 Le constructeur pr\u00e9f\u00e9r\u00e9 de la police am\u00e9ricaine Le constructeur justifie la nouvelle version de son c\u00e9l\u00e8bre utilitaire F-150 par le besoin des services de police de r\u00e9duire les co\u00fbts de leurs flottes d\u2019intervention, [\u2026] <a href=\"https:\/\/www.avem.fr\/2022\/07\/29\/de-puissants-pickups-ford-f-150-electriques-pour-la-police-americaine\/\" target=\"blank\" rel=\"noopener\">Lire la suite&#8230;<\/a><\/p>\n","protected":false},"excerpt":{"rendered":"<p><img decoding=\"async\" width=\"1000\" height=\"563\" src=\"https:\/\/news.evearly.com\/wp-content\/uploads\/2022\/07\/de-puissants-pickups-ford-f-150-electriques-pour-la-police-americaine.jpg\" class=\"attachment-post-thumbnail size-post-thumbnail wp-post-image\" alt=\"Pickup \u00e9lectrique Ford F-150 Lightning Pro SSV Police\" loading=\"lazy\" \/>Ford vient de pr\u00e9senter la d\u00e9clinaison adapt\u00e9e pour la police am\u00e9ricaine de son pickup \u00e9lectrique F-150. \u00a0 Le constructeur pr\u00e9f\u00e9r\u00e9 de la police am\u00e9ricaine Le constructeur justifie la nouvelle version de son c\u00e9l\u00e8bre utilitaire F-150 par le besoin des services de police de r\u00e9duire les co\u00fbts de leurs flottes d\u2019intervention, [\u2026] <a class=\"continue-reading-link\" href=\"https:\/\/www.evearly.news\/fr\/de-puissants-pickups-ford-f-150-electriques-pour-la-police-americaine\/\"><\/a><\/p>\n","protected":false},"author":3,"featured_media":0,"comment_status":"closed","ping_status":"closed","sticky":false,"template":"","format":"standard","meta":{"footnotes":""},"categories":[3],"tags":[],"class_list":["post-189285","post","type-post","status-publish","format-standard","hentry","category-avem"],"_links":{"self":[{"href":"https:\/\/www.evearly.news\/fr\/wp-json\/wp\/v2\/posts\/189285","targetHints":{"allow":["GET"]}}],"collection":[{"href":"https:\/\/www.evearly.news\/fr\/wp-json\/wp\/v2\/posts"}],"about":[{"href":"https:\/\/www.evearly.news\/fr\/wp-json\/wp\/v2\/types\/post"}],"author":[{"embeddable":true,"href":"https:\/\/www.evearly.news\/fr\/wp-json\/wp\/v2\/users\/3"}],"replies":[{"embeddable":true,"href":"https:\/\/www.evearly.news\/fr\/wp-json\/wp\/v2\/comments?post=189285"}],"version-history":[{"count":1,"href":"https:\/\/www.evearly.news\/fr\/wp-json\/wp\/v2\/posts\/189285\/revisions"}],"predecessor-version":[{"id":256658,"href":"https:\/\/www.evearly.news\/fr\/wp-json\/wp\/v2\/posts\/189285\/revisions\/256658"}],"wp:attachment":[{"href":"https:\/\/www.evearly.news\/fr\/wp-json\/wp\/v2\/media?parent=189285"}],"wp:term":[{"taxonomy":"category","embeddable":true,"href":"https:\/\/www.evearly.news\/fr\/wp-json\/wp\/v2\/categories?post=189285"},{"taxonomy":"post_tag","embeddable":true,"href":"https:\/\/www.evearly.news\/fr\/wp-json\/wp\/v2\/tags?post=189285"}],"curies":[{"name":"wp","href":"https:\/\/api.w.org\/{rel}","templated":true}]}}