{"id":189330,"date":"2022-07-30T06:00:15","date_gmt":"2022-07-30T04:00:15","guid":{"rendered":"https:\/\/www.avem.fr\/?p=49564"},"modified":"2023-08-17T18:47:49","modified_gmt":"2023-08-17T18:47:49","slug":"totalenergies-ouvre-son-premier-hub-belib-de-recharge-rapide","status":"publish","type":"post","link":"https:\/\/www.evearly.news\/fr\/totalenergies-ouvre-son-premier-hub-belib-de-recharge-rapide\/","title":{"rendered":"TotalEnergies ouvre son premier hub Belib\u2019 de recharge rapide"},"content":{"rendered":"<p><img decoding=\"async\" width=\"1000\" height=\"562\" src=\"https:\/\/news.evearly.com\/wp-content\/uploads\/2022\/07\/totalenergies-ouvre-son-premier-hub-belib-de-recharge-rapide.jpg\" class=\"attachment-post-thumbnail size-post-thumbnail wp-post-image\" alt=\"TotalEnergies Belib' Recharge rapide\" loading=\"lazy\" \/>Un an apr\u00e8s la reprise du r\u00e9seau de recharge parisien, TotalEnergies vient d\u2019ouvrir son premier hub Belib\u2019 de recharge rapide. Un hub situ\u00e9 au sein du Parking SAGS Lobau, au c\u0153ur de Paris dans le 4\u00e8me arrondissement. Cette ouverture s\u2019inscrit dans la strat\u00e9gie de croissance du r\u00e9seau de recharge exploit\u00e9 [\u2026] <a href=\"https:\/\/www.avem.fr\/2022\/07\/30\/totalenergies-ouvre-son-premier-hub-belib-de-recharge-rapide\/\" target=\"blank\" rel=\"noopener\">Lire la suite&#8230;<\/a><\/p>\n","protected":false},"excerpt":{"rendered":"<p><img decoding=\"async\" width=\"1000\" height=\"562\" src=\"https:\/\/news.evearly.com\/wp-content\/uploads\/2022\/07\/totalenergies-ouvre-son-premier-hub-belib-de-recharge-rapide.jpg\" class=\"attachment-post-thumbnail size-post-thumbnail wp-post-image\" alt=\"TotalEnergies Belib' Recharge rapide\" loading=\"lazy\" \/>Un an apr\u00e8s la reprise du r\u00e9seau de recharge parisien, TotalEnergies vient d\u2019ouvrir son premier hub Belib\u2019 de recharge rapide. Un hub situ\u00e9 au sein du Parking SAGS Lobau, au c\u0153ur de Paris dans le 4\u00e8me arrondissement. Cette ouverture s\u2019inscrit dans la strat\u00e9gie de croissance du r\u00e9seau de recharge exploit\u00e9 [\u2026] <a class=\"continue-reading-link\" href=\"https:\/\/www.evearly.news\/fr\/totalenergies-ouvre-son-premier-hub-belib-de-recharge-rapide\/\"><\/a><\/p>\n","protected":false},"author":3,"featured_media":0,"comment_status":"closed","ping_status":"closed","sticky":false,"template":"","format":"standard","meta":{"footnotes":""},"categories":[3],"tags":[],"class_list":["post-189330","post","type-post","status-publish","format-standard","hentry","category-avem"],"_links":{"self":[{"href":"https:\/\/www.evearly.news\/fr\/wp-json\/wp\/v2\/posts\/189330","targetHints":{"allow":["GET"]}}],"collection":[{"href":"https:\/\/www.evearly.news\/fr\/wp-json\/wp\/v2\/posts"}],"about":[{"href":"https:\/\/www.evearly.news\/fr\/wp-json\/wp\/v2\/types\/post"}],"author":[{"embeddable":true,"href":"https:\/\/www.evearly.news\/fr\/wp-json\/wp\/v2\/users\/3"}],"replies":[{"embeddable":true,"href":"https:\/\/www.evearly.news\/fr\/wp-json\/wp\/v2\/comments?post=189330"}],"version-history":[{"count":1,"href":"https:\/\/www.evearly.news\/fr\/wp-json\/wp\/v2\/posts\/189330\/revisions"}],"predecessor-version":[{"id":256657,"href":"https:\/\/www.evearly.news\/fr\/wp-json\/wp\/v2\/posts\/189330\/revisions\/256657"}],"wp:attachment":[{"href":"https:\/\/www.evearly.news\/fr\/wp-json\/wp\/v2\/media?parent=189330"}],"wp:term":[{"taxonomy":"category","embeddable":true,"href":"https:\/\/www.evearly.news\/fr\/wp-json\/wp\/v2\/categories?post=189330"},{"taxonomy":"post_tag","embeddable":true,"href":"https:\/\/www.evearly.news\/fr\/wp-json\/wp\/v2\/tags?post=189330"}],"curies":[{"name":"wp","href":"https:\/\/api.w.org\/{rel}","templated":true}]}}