{"id":189333,"date":"2022-07-30T08:00:39","date_gmt":"2022-07-30T06:00:39","guid":{"rendered":"https:\/\/www.automobile-propre.com\/?p=152820"},"modified":"2022-07-30T08:00:39","modified_gmt":"2022-07-30T06:00:39","slug":"temoignage-peut-on-envisager-de-longs-deplacements-en-volkswagen-e-up","status":"publish","type":"post","link":"https:\/\/www.evearly.news\/fr\/temoignage-peut-on-envisager-de-longs-deplacements-en-volkswagen-e-up\/","title":{"rendered":"T\u00e9moignage\u00a0\u2013 Peut-on envisager de longs d\u00e9placements en Volkswagen e-Up!\u00a0?"},"content":{"rendered":"<p><img loading=\"lazy\" decoding=\"async\" width=\"500\" height=\"333\" src=\"https:\/\/news.evearly.com\/wp-content\/uploads\/2022\/07\/temoignage-peut-on-envisager-de-longs-deplacements-en-volkswagen-e-up.jpg\" class=\"attachment-186x124 size-186x124 wp-post-image\" alt=\"Volkswagen e-Up! en recharge\" \/><br \/>\nExcellente citadine \u00e9lectrique, la Volkswagen e-Up! a re\u00e7u en 2019 une nouvelle batterie qui a fait passer sa capacit\u00e9 \u00e9nerg\u00e9tique\u2026 <a href=\"https:\/\/www.automobile-propre.com\/temoignage-peut-on-envisager-de-longs-deplacements-en-volkswagen-e-up\/\" target='bwindow' rel=\"noopener\">Lire la suite&#8230;<\/a><\/p>\n","protected":false},"excerpt":{"rendered":"<p>Excellente citadine \u00e9lectrique, la Volkswagen e-Up! a re\u00e7u en 2019 une nouvelle batterie qui a fait passer sa capacit\u00e9 \u00e9nerg\u00e9tique\u2026&#8230; <a class=\"continue-reading-link\" href=\"https:\/\/www.evearly.news\/fr\/temoignage-peut-on-envisager-de-longs-deplacements-en-volkswagen-e-up\/\"><\/a><\/p>\n","protected":false},"author":8,"featured_media":0,"comment_status":"closed","ping_status":"closed","sticky":false,"template":"","format":"standard","meta":{"footnotes":""},"categories":[8],"tags":[],"class_list":["post-189333","post","type-post","status-publish","format-standard","hentry","category-automobile-propre"],"_links":{"self":[{"href":"https:\/\/www.evearly.news\/fr\/wp-json\/wp\/v2\/posts\/189333","targetHints":{"allow":["GET"]}}],"collection":[{"href":"https:\/\/www.evearly.news\/fr\/wp-json\/wp\/v2\/posts"}],"about":[{"href":"https:\/\/www.evearly.news\/fr\/wp-json\/wp\/v2\/types\/post"}],"author":[{"embeddable":true,"href":"https:\/\/www.evearly.news\/fr\/wp-json\/wp\/v2\/users\/8"}],"replies":[{"embeddable":true,"href":"https:\/\/www.evearly.news\/fr\/wp-json\/wp\/v2\/comments?post=189333"}],"version-history":[{"count":0,"href":"https:\/\/www.evearly.news\/fr\/wp-json\/wp\/v2\/posts\/189333\/revisions"}],"wp:attachment":[{"href":"https:\/\/www.evearly.news\/fr\/wp-json\/wp\/v2\/media?parent=189333"}],"wp:term":[{"taxonomy":"category","embeddable":true,"href":"https:\/\/www.evearly.news\/fr\/wp-json\/wp\/v2\/categories?post=189333"},{"taxonomy":"post_tag","embeddable":true,"href":"https:\/\/www.evearly.news\/fr\/wp-json\/wp\/v2\/tags?post=189333"}],"curies":[{"name":"wp","href":"https:\/\/api.w.org\/{rel}","templated":true}]}}