{"id":189393,"date":"2022-07-31T14:00:46","date_gmt":"2022-07-31T12:00:46","guid":{"rendered":"https:\/\/www.automobile-propre.com\/?p=153202"},"modified":"2022-07-31T14:00:46","modified_gmt":"2022-07-31T12:00:46","slug":"rivian-taille-deja-dans-ses-effectifs","status":"publish","type":"post","link":"https:\/\/www.evearly.news\/fr\/rivian-taille-deja-dans-ses-effectifs\/","title":{"rendered":"Rivian taille d\u00e9j\u00e0 dans ses effectifs"},"content":{"rendered":"<p><img loading=\"lazy\" decoding=\"async\" width=\"500\" height=\"333\" src=\"https:\/\/news.evearly.com\/wp-content\/uploads\/2022\/07\/rivian-taille-deja-dans-ses-effectifs.jpg\" class=\"attachment-186x124 size-186x124 wp-post-image\" alt=\"\" \/><br \/>\nLe nouveau constructeur am\u00e9ricain de v\u00e9hicules \u00e9lectriques va supprimer 6\u00a0% de ses effectifs, soit plus de 800\u00a0postes. Lancer une nouvelle\u2026 <a href=\"https:\/\/www.automobile-propre.com\/rivian-taille-deja-dans-ses-effectifs\/\" target='bwindow' rel=\"noopener\">Lire la suite&#8230;<\/a><\/p>\n","protected":false},"excerpt":{"rendered":"<p>Le nouveau constructeur am\u00e9ricain de v\u00e9hicules \u00e9lectriques va supprimer 6\u00a0% de ses effectifs, soit plus de 800\u00a0postes. Lancer une nouvelle\u2026&#8230; <a class=\"continue-reading-link\" href=\"https:\/\/www.evearly.news\/fr\/rivian-taille-deja-dans-ses-effectifs\/\"><\/a><\/p>\n","protected":false},"author":8,"featured_media":0,"comment_status":"closed","ping_status":"closed","sticky":false,"template":"","format":"standard","meta":{"footnotes":""},"categories":[8],"tags":[],"class_list":["post-189393","post","type-post","status-publish","format-standard","hentry","category-automobile-propre"],"_links":{"self":[{"href":"https:\/\/www.evearly.news\/fr\/wp-json\/wp\/v2\/posts\/189393","targetHints":{"allow":["GET"]}}],"collection":[{"href":"https:\/\/www.evearly.news\/fr\/wp-json\/wp\/v2\/posts"}],"about":[{"href":"https:\/\/www.evearly.news\/fr\/wp-json\/wp\/v2\/types\/post"}],"author":[{"embeddable":true,"href":"https:\/\/www.evearly.news\/fr\/wp-json\/wp\/v2\/users\/8"}],"replies":[{"embeddable":true,"href":"https:\/\/www.evearly.news\/fr\/wp-json\/wp\/v2\/comments?post=189393"}],"version-history":[{"count":0,"href":"https:\/\/www.evearly.news\/fr\/wp-json\/wp\/v2\/posts\/189393\/revisions"}],"wp:attachment":[{"href":"https:\/\/www.evearly.news\/fr\/wp-json\/wp\/v2\/media?parent=189393"}],"wp:term":[{"taxonomy":"category","embeddable":true,"href":"https:\/\/www.evearly.news\/fr\/wp-json\/wp\/v2\/categories?post=189393"},{"taxonomy":"post_tag","embeddable":true,"href":"https:\/\/www.evearly.news\/fr\/wp-json\/wp\/v2\/tags?post=189393"}],"curies":[{"name":"wp","href":"https:\/\/api.w.org\/{rel}","templated":true}]}}