{"id":189406,"date":"2022-07-31T17:00:35","date_gmt":"2022-07-31T15:00:35","guid":{"rendered":"https:\/\/www.automobile-propre.com\/?p=153223"},"modified":"2022-07-31T17:00:35","modified_gmt":"2022-07-31T15:00:35","slug":"utilitaires-electriques-toyota-envisage-des-batteries-a-modules-interchangeables","status":"publish","type":"post","link":"https:\/\/www.evearly.news\/fr\/utilitaires-electriques-toyota-envisage-des-batteries-a-modules-interchangeables\/","title":{"rendered":"Utilitaires \u00e9lectriques\u00a0: Toyota envisage des batteries \u00e0 modules interchangeables"},"content":{"rendered":"<p><img loading=\"lazy\" decoding=\"async\" width=\"500\" height=\"333\" src=\"https:\/\/news.evearly.com\/wp-content\/uploads\/2022\/07\/utilitaires-electriques-toyota-envisage-des-batteries-a-modules-interchangeables.jpg\" class=\"attachment-186x124 size-186x124 wp-post-image\" alt=\"Swap batteries modulaires Toyota\" \/><br \/>\nAfin de tendre vers un plein en \u00e9lectricit\u00e9 pas plus long que de remplir des r\u00e9servoirs en carburant, les constructeurs\u2026 <a href=\"https:\/\/www.automobile-propre.com\/utilitaires-electriques-toyota-envisage-des-batteries-a-modules-interchangeables\/\" target='bwindow' rel=\"noopener\">Lire la suite&#8230;<\/a><\/p>\n","protected":false},"excerpt":{"rendered":"<p>Afin de tendre vers un plein en \u00e9lectricit\u00e9 pas plus long que de remplir des r\u00e9servoirs en carburant, les constructeurs\u2026&#8230; <a class=\"continue-reading-link\" href=\"https:\/\/www.evearly.news\/fr\/utilitaires-electriques-toyota-envisage-des-batteries-a-modules-interchangeables\/\"><\/a><\/p>\n","protected":false},"author":8,"featured_media":0,"comment_status":"closed","ping_status":"closed","sticky":false,"template":"","format":"standard","meta":{"footnotes":""},"categories":[8],"tags":[],"class_list":["post-189406","post","type-post","status-publish","format-standard","hentry","category-automobile-propre"],"_links":{"self":[{"href":"https:\/\/www.evearly.news\/fr\/wp-json\/wp\/v2\/posts\/189406","targetHints":{"allow":["GET"]}}],"collection":[{"href":"https:\/\/www.evearly.news\/fr\/wp-json\/wp\/v2\/posts"}],"about":[{"href":"https:\/\/www.evearly.news\/fr\/wp-json\/wp\/v2\/types\/post"}],"author":[{"embeddable":true,"href":"https:\/\/www.evearly.news\/fr\/wp-json\/wp\/v2\/users\/8"}],"replies":[{"embeddable":true,"href":"https:\/\/www.evearly.news\/fr\/wp-json\/wp\/v2\/comments?post=189406"}],"version-history":[{"count":0,"href":"https:\/\/www.evearly.news\/fr\/wp-json\/wp\/v2\/posts\/189406\/revisions"}],"wp:attachment":[{"href":"https:\/\/www.evearly.news\/fr\/wp-json\/wp\/v2\/media?parent=189406"}],"wp:term":[{"taxonomy":"category","embeddable":true,"href":"https:\/\/www.evearly.news\/fr\/wp-json\/wp\/v2\/categories?post=189406"},{"taxonomy":"post_tag","embeddable":true,"href":"https:\/\/www.evearly.news\/fr\/wp-json\/wp\/v2\/tags?post=189406"}],"curies":[{"name":"wp","href":"https:\/\/api.w.org\/{rel}","templated":true}]}}