{"id":189415,"date":"2022-07-31T20:00:10","date_gmt":"2022-07-31T18:00:10","guid":{"rendered":"https:\/\/www.automobile-propre.com\/?post_type=breves&amp;p=153233"},"modified":"2022-07-31T20:00:10","modified_gmt":"2022-07-31T18:00:10","slug":"gordon-murray-un-suv-electrique-aussi-leger-quune-mazda-mx-5","status":"publish","type":"post","link":"https:\/\/www.evearly.news\/fr\/gordon-murray-un-suv-electrique-aussi-leger-quune-mazda-mx-5\/","title":{"rendered":"Gordon\u00a0Murray\u00a0: un SUV \u00e9lectrique aussi l\u00e9ger qu\u2019une Mazda\u00a0MX-5\u00a0?"},"content":{"rendered":"<p><img loading=\"lazy\" decoding=\"async\" width=\"500\" height=\"333\" src=\"https:\/\/news.evearly.com\/wp-content\/uploads\/2022\/07\/gordon-murray-un-suv-electrique-aussi-leger-quune-mazda-mx-5.jpg\" class=\"attachment-186x124 size-186x124 wp-post-image\" alt=\"\" \/><br \/>\nGordon\u00a0Murray pourrait r\u00e9volutionner le monde de la voiture \u00e9lectrique. Fid\u00e8le \u00e0 ses pr\u00e9ceptes, il cherchera avant tout \u00e0 concevoir des v\u00e9hicules l\u00e9gers. <a href=\"https:\/\/www.automobile-propre.com\/breves\/gordon-murray-un-suv-electrique-aussi-leger-quune-mazda-mx-5\/\" target='bwindow' rel=\"noopener\">Lire la suite&#8230;<\/a><\/p>\n","protected":false},"excerpt":{"rendered":"<p>Gordon\u00a0Murray pourrait r\u00e9volutionner le monde de la voiture \u00e9lectrique. Fid\u00e8le \u00e0 ses pr\u00e9ceptes, il cherchera avant tout \u00e0 concevoir des v\u00e9hicules l\u00e9gers&#8230;. <a class=\"continue-reading-link\" href=\"https:\/\/www.evearly.news\/fr\/gordon-murray-un-suv-electrique-aussi-leger-quune-mazda-mx-5\/\"><\/a><\/p>\n","protected":false},"author":8,"featured_media":0,"comment_status":"closed","ping_status":"closed","sticky":false,"template":"","format":"standard","meta":{"footnotes":""},"categories":[8],"tags":[],"class_list":["post-189415","post","type-post","status-publish","format-standard","hentry","category-automobile-propre"],"_links":{"self":[{"href":"https:\/\/www.evearly.news\/fr\/wp-json\/wp\/v2\/posts\/189415","targetHints":{"allow":["GET"]}}],"collection":[{"href":"https:\/\/www.evearly.news\/fr\/wp-json\/wp\/v2\/posts"}],"about":[{"href":"https:\/\/www.evearly.news\/fr\/wp-json\/wp\/v2\/types\/post"}],"author":[{"embeddable":true,"href":"https:\/\/www.evearly.news\/fr\/wp-json\/wp\/v2\/users\/8"}],"replies":[{"embeddable":true,"href":"https:\/\/www.evearly.news\/fr\/wp-json\/wp\/v2\/comments?post=189415"}],"version-history":[{"count":0,"href":"https:\/\/www.evearly.news\/fr\/wp-json\/wp\/v2\/posts\/189415\/revisions"}],"wp:attachment":[{"href":"https:\/\/www.evearly.news\/fr\/wp-json\/wp\/v2\/media?parent=189415"}],"wp:term":[{"taxonomy":"category","embeddable":true,"href":"https:\/\/www.evearly.news\/fr\/wp-json\/wp\/v2\/categories?post=189415"},{"taxonomy":"post_tag","embeddable":true,"href":"https:\/\/www.evearly.news\/fr\/wp-json\/wp\/v2\/tags?post=189415"}],"curies":[{"name":"wp","href":"https:\/\/api.w.org\/{rel}","templated":true}]}}