{"id":191222,"date":"2022-08-11T06:00:49","date_gmt":"2022-08-11T04:00:49","guid":{"rendered":"https:\/\/www.avem.fr\/?p=49692"},"modified":"2023-08-17T18:47:39","modified_gmt":"2023-08-17T18:47:39","slug":"commandes-ouvertes-en-france-pour-les-tesla-model-s-et-model-x-plaid","status":"publish","type":"post","link":"https:\/\/www.evearly.news\/fr\/commandes-ouvertes-en-france-pour-les-tesla-model-s-et-model-x-plaid\/","title":{"rendered":"Commandes ouvertes en France pour les Tesla Model S et Model X Plaid"},"content":{"rendered":"<p><img decoding=\"async\" width=\"1000\" height=\"563\" src=\"https:\/\/news.evearly.com\/wp-content\/uploads\/2022\/08\/commandes-ouvertes-en-france-pour-les-tesla-model-s-et-model-x-plaid.jpg\" class=\"attachment-post-thumbnail size-post-thumbnail wp-post-image\" alt=\"\" loading=\"lazy\" \/>Avec les d\u00e9clinaisons Plaid, les performances des Tesla Model S et Model X n\u2019auront jamais \u00e9t\u00e9 aussi importantes. Le constructeur vient d\u2019ouvrir le robinet pour les commander, avec des livraisons qui pourraient intervenir avant la fin de la pr\u00e9sente ann\u00e9e 2022. Des vid\u00e9os ont \u00e9t\u00e9 publi\u00e9es sur Youtube pour pr\u00e9senter [\u2026] <a href=\"https:\/\/www.avem.fr\/2022\/08\/11\/commandes-ouvertes-en-france-pour-les-tesla-model-s-et-model-x-plaid\/\" target=\"blank\" rel=\"noopener\">Lire la suite&#8230;<\/a><\/p>\n","protected":false},"excerpt":{"rendered":"<p><img decoding=\"async\" width=\"1000\" height=\"563\" src=\"https:\/\/news.evearly.com\/wp-content\/uploads\/2022\/08\/commandes-ouvertes-en-france-pour-les-tesla-model-s-et-model-x-plaid.jpg\" class=\"attachment-post-thumbnail size-post-thumbnail wp-post-image\" alt=\"\" loading=\"lazy\" \/>Avec les d\u00e9clinaisons Plaid, les performances des Tesla Model S et Model X n\u2019auront jamais \u00e9t\u00e9 aussi importantes. Le constructeur vient d\u2019ouvrir le robinet pour les commander, avec des livraisons qui pourraient intervenir avant la fin de la pr\u00e9sente ann\u00e9e 2022. Des vid\u00e9os ont \u00e9t\u00e9 publi\u00e9es sur Youtube pour pr\u00e9senter [\u2026] <a class=\"continue-reading-link\" href=\"https:\/\/www.evearly.news\/fr\/commandes-ouvertes-en-france-pour-les-tesla-model-s-et-model-x-plaid\/\"><\/a><\/p>\n","protected":false},"author":3,"featured_media":0,"comment_status":"closed","ping_status":"closed","sticky":false,"template":"","format":"standard","meta":{"footnotes":""},"categories":[3],"tags":[],"class_list":["post-191222","post","type-post","status-publish","format-standard","hentry","category-avem"],"_links":{"self":[{"href":"https:\/\/www.evearly.news\/fr\/wp-json\/wp\/v2\/posts\/191222","targetHints":{"allow":["GET"]}}],"collection":[{"href":"https:\/\/www.evearly.news\/fr\/wp-json\/wp\/v2\/posts"}],"about":[{"href":"https:\/\/www.evearly.news\/fr\/wp-json\/wp\/v2\/types\/post"}],"author":[{"embeddable":true,"href":"https:\/\/www.evearly.news\/fr\/wp-json\/wp\/v2\/users\/3"}],"replies":[{"embeddable":true,"href":"https:\/\/www.evearly.news\/fr\/wp-json\/wp\/v2\/comments?post=191222"}],"version-history":[{"count":1,"href":"https:\/\/www.evearly.news\/fr\/wp-json\/wp\/v2\/posts\/191222\/revisions"}],"predecessor-version":[{"id":256646,"href":"https:\/\/www.evearly.news\/fr\/wp-json\/wp\/v2\/posts\/191222\/revisions\/256646"}],"wp:attachment":[{"href":"https:\/\/www.evearly.news\/fr\/wp-json\/wp\/v2\/media?parent=191222"}],"wp:term":[{"taxonomy":"category","embeddable":true,"href":"https:\/\/www.evearly.news\/fr\/wp-json\/wp\/v2\/categories?post=191222"},{"taxonomy":"post_tag","embeddable":true,"href":"https:\/\/www.evearly.news\/fr\/wp-json\/wp\/v2\/tags?post=191222"}],"curies":[{"name":"wp","href":"https:\/\/api.w.org\/{rel}","templated":true}]}}