{"id":195622,"date":"2022-09-06T16:34:38","date_gmt":"2022-09-06T14:34:38","guid":{"rendered":"https:\/\/www.frandroid.com\/produits-android\/automobile\/voitures-electriques\/1459106_polestar-2-cette-nouvelle-version-attendue-en-france-veut-faire-mal-a-la-tesla-model-3"},"modified":"2022-09-06T16:34:38","modified_gmt":"2022-09-06T14:34:38","slug":"polestar-2-cette-nouvelle-version-attendue-en-france-veut-faire-mal-a-la-tesla-model-3","status":"publish","type":"post","link":"https:\/\/www.evearly.news\/fr\/polestar-2-cette-nouvelle-version-attendue-en-france-veut-faire-mal-a-la-tesla-model-3\/","title":{"rendered":"Polestar 2 : cette nouvelle version attendue en France veut faire mal \u00e0 la Tesla Model 3"},"content":{"rendered":"<p><img loading=\"lazy\" decoding=\"async\" class=\"size-medium wp-image-1459412\" src=\"https:\/\/news.evearly.com\/wp-content\/uploads\/2022\/09\/polestar-2-cette-nouvelle-version-attendue-en-france-veut-faire-mal-a-la-tesla-model-3.jpg\" alt=\"Polestar 2\" width=\"928\" height=\"619\"><br \/>Alors que Polestar va enfin \u00eatre autoris\u00e9 \u00e0 vendre ses voitures \u00e9lectriques en France, voil\u00e0 que la Polestar 2 restyl\u00e9e a \u00e9t\u00e9 surprise lors de test routiers dans les Alpes.Depuis sa prise d\u2019ind\u00e9pendance de Volvo en 2018, Polestar a bien \u00e9toff\u00e9 sa gamme, avec ses mod\u00e8les hybrides et \u00e9lectriques. Mais la firme su\u00e9doise, dont le [\u2026] <a href=\"https:\/\/www.frandroid.com\/produits-android\/automobile\/voitures-electriques\/1459106_polestar-2-cette-nouvelle-version-attendue-en-france-veut-faire-mal-a-la-tesla-model-3\" target=\"blank\" rel=\"noopener\">Lire la suite&#8230;<\/a><\/p>\n","protected":false},"excerpt":{"rendered":"<p>&#8230; <a class=\"continue-reading-link\" href=\"https:\/\/www.evearly.news\/fr\/polestar-2-cette-nouvelle-version-attendue-en-france-veut-faire-mal-a-la-tesla-model-3\/\"><\/a><\/p>\n","protected":false},"author":6,"featured_media":195623,"comment_status":"closed","ping_status":"closed","sticky":false,"template":"","format":"standard","meta":{"footnotes":""},"categories":[14],"tags":[],"class_list":["post-195622","post","type-post","status-publish","format-standard","has-post-thumbnail","hentry","category-frandroid"],"_links":{"self":[{"href":"https:\/\/www.evearly.news\/fr\/wp-json\/wp\/v2\/posts\/195622","targetHints":{"allow":["GET"]}}],"collection":[{"href":"https:\/\/www.evearly.news\/fr\/wp-json\/wp\/v2\/posts"}],"about":[{"href":"https:\/\/www.evearly.news\/fr\/wp-json\/wp\/v2\/types\/post"}],"author":[{"embeddable":true,"href":"https:\/\/www.evearly.news\/fr\/wp-json\/wp\/v2\/users\/6"}],"replies":[{"embeddable":true,"href":"https:\/\/www.evearly.news\/fr\/wp-json\/wp\/v2\/comments?post=195622"}],"version-history":[{"count":0,"href":"https:\/\/www.evearly.news\/fr\/wp-json\/wp\/v2\/posts\/195622\/revisions"}],"wp:featuredmedia":[{"embeddable":true,"href":"https:\/\/www.evearly.news\/fr\/wp-json\/"}],"wp:attachment":[{"href":"https:\/\/www.evearly.news\/fr\/wp-json\/wp\/v2\/media?parent=195622"}],"wp:term":[{"taxonomy":"category","embeddable":true,"href":"https:\/\/www.evearly.news\/fr\/wp-json\/wp\/v2\/categories?post=195622"},{"taxonomy":"post_tag","embeddable":true,"href":"https:\/\/www.evearly.news\/fr\/wp-json\/wp\/v2\/tags?post=195622"}],"curies":[{"name":"wp","href":"https:\/\/api.w.org\/{rel}","templated":true}]}}