{"id":197261,"date":"2022-09-15T12:00:07","date_gmt":"2022-09-15T10:00:07","guid":{"rendered":"https:\/\/www.presse-citron.net\/?p=515622"},"modified":"2022-09-15T12:00:07","modified_gmt":"2022-09-15T10:00:07","slug":"bmw-les-voitures-electriques-bientot-au-meme-prix-que-les-voitures-thermiques","status":"publish","type":"post","link":"https:\/\/www.evearly.news\/fr\/bmw-les-voitures-electriques-bientot-au-meme-prix-que-les-voitures-thermiques\/","title":{"rendered":"BMW\u00a0: les voitures \u00e9lectriques bient\u00f4t au m\u00eame prix que les voitures thermiques"},"content":{"rendered":"<p><img loading=\"lazy\" decoding=\"async\" width=\"1400\" height=\"932\" src=\"https:\/\/news.evearly.com\/wp-content\/uploads\/2022\/09\/bmw-les-voitures-electriques-bientot-au-meme-prix-que-les-voitures-thermiques.jpg\" class=\"attachment-full size-full wp-post-image\" alt=\"BMW Neue Klasse\" \/><\/p>\n<p>Avec ses nouvelles cellules cylindriques, BMW souhaite r\u00e9volutionner l&rsquo;\u00e9lectromobilit\u00e9, notamment au niveau des performances et des tarifs. Explications.<a href=\"https:\/\/www.presse-citron.net\/bmw-les-voitures-electriques-bientot-au-meme-prix-que-les-voitures-thermiques\/\" target='bwindow' rel=\"noopener\"> Lire la suite&#8230;<\/a><\/p>\n","protected":false},"excerpt":{"rendered":"<p>&#8230; <a class=\"continue-reading-link\" href=\"https:\/\/www.evearly.news\/fr\/bmw-les-voitures-electriques-bientot-au-meme-prix-que-les-voitures-thermiques\/\"><\/a><\/p>\n","protected":false},"author":18,"featured_media":0,"comment_status":"closed","ping_status":"closed","sticky":false,"template":"","format":"standard","meta":{"footnotes":""},"categories":[19],"tags":[],"class_list":["post-197261","post","type-post","status-publish","format-standard","hentry","category-presse-citron"],"_links":{"self":[{"href":"https:\/\/www.evearly.news\/fr\/wp-json\/wp\/v2\/posts\/197261","targetHints":{"allow":["GET"]}}],"collection":[{"href":"https:\/\/www.evearly.news\/fr\/wp-json\/wp\/v2\/posts"}],"about":[{"href":"https:\/\/www.evearly.news\/fr\/wp-json\/wp\/v2\/types\/post"}],"author":[{"embeddable":true,"href":"https:\/\/www.evearly.news\/fr\/wp-json\/wp\/v2\/users\/18"}],"replies":[{"embeddable":true,"href":"https:\/\/www.evearly.news\/fr\/wp-json\/wp\/v2\/comments?post=197261"}],"version-history":[{"count":0,"href":"https:\/\/www.evearly.news\/fr\/wp-json\/wp\/v2\/posts\/197261\/revisions"}],"wp:attachment":[{"href":"https:\/\/www.evearly.news\/fr\/wp-json\/wp\/v2\/media?parent=197261"}],"wp:term":[{"taxonomy":"category","embeddable":true,"href":"https:\/\/www.evearly.news\/fr\/wp-json\/wp\/v2\/categories?post=197261"},{"taxonomy":"post_tag","embeddable":true,"href":"https:\/\/www.evearly.news\/fr\/wp-json\/wp\/v2\/tags?post=197261"}],"curies":[{"name":"wp","href":"https:\/\/api.w.org\/{rel}","templated":true}]}}