{"id":197379,"date":"2022-09-15T16:26:35","date_gmt":"2022-09-15T14:26:35","guid":{"rendered":"https:\/\/www.avere-france.org\/?p=11464"},"modified":"2022-09-15T16:26:35","modified_gmt":"2022-09-15T14:26:35","slug":"lavere-france-lassociation-nationale-pour-le-developpement-de-la-mobilite-electrique-integre-le-retrofit-a-ses-activites","status":"publish","type":"post","link":"https:\/\/www.evearly.news\/fr\/lavere-france-lassociation-nationale-pour-le-developpement-de-la-mobilite-electrique-integre-le-retrofit-a-ses-activites\/","title":{"rendered":"L\u2019Avere-France, l\u2019association nationale pour le d\u00e9veloppement de la mobilit\u00e9 \u00e9lectrique, int\u00e8gre le r\u00e9trofit \u00e0 ses activit\u00e9s"},"content":{"rendered":"<p><img decoding=\"async\" src=\"https:\/\/www.avere-france.org\/wp-content\/uploads\/2022\/09\/REV-VEHICLES-3-TRUCKS-CLOUDS-01-6.png\" \/>L\u2019Avere-France est l\u2019association nationale pour le d\u00e9veloppement de la mobilit\u00e9 \u00e9lectrique. Cr\u00e9\u00e9e en 1978 pour repr\u00e9senter l\u2019ensemble de l\u2019\u00e9cosyst\u00e8me de l\u2019\u00e9lectro-mobilit\u00e9 dans les domaines industriel, commercial, institutionnel ou associatif, elle a pour objectif de faire la promotion de l\u2019utilisation des v\u00e9hicules \u00e9lectriques et hybrides rechargeables. Si elle compte plus de 200 adh\u00e9rents, il lui manquait jusqu\u2019\u00e0 pr\u00e9sent un repr\u00e9sentant du \u00ab r\u00e9trofit \u00bb, qui correspond \u00e0 la conversion d\u2019un v\u00e9hicule thermique \u00e0 l\u2019\u00e9lectrique. L\u2019arriv\u00e9e parmi ses membres de REV Mobilities, leader du m\u00e9tier \u00e0 travers ses trois marques (REV Professionnal, REV Bus &amp; Truck et Retrofuture), change la donne.<\/p>\n<p><a href=\"https:\/\/www.avere-france.org\/lavere-france-lassociation-nationale-pour-le-developpement-de-la-mobilite-electrique-integre-le-retrofit-a-ses-activites-2\/\" target=\"bwindow\" rel=\"noopener\">Lire la suite&#8230;<\/a><\/p>\n","protected":false},"excerpt":{"rendered":"<p>&#8230; <a class=\"continue-reading-link\" href=\"https:\/\/www.evearly.news\/fr\/lavere-france-lassociation-nationale-pour-le-developpement-de-la-mobilite-electrique-integre-le-retrofit-a-ses-activites\/\"><\/a><\/p>\n","protected":false},"author":10,"featured_media":0,"comment_status":"closed","ping_status":"closed","sticky":false,"template":"","format":"standard","meta":{"footnotes":""},"categories":[9],"tags":[],"class_list":["post-197379","post","type-post","status-publish","format-standard","hentry","category-avere-france"],"_links":{"self":[{"href":"https:\/\/www.evearly.news\/fr\/wp-json\/wp\/v2\/posts\/197379","targetHints":{"allow":["GET"]}}],"collection":[{"href":"https:\/\/www.evearly.news\/fr\/wp-json\/wp\/v2\/posts"}],"about":[{"href":"https:\/\/www.evearly.news\/fr\/wp-json\/wp\/v2\/types\/post"}],"author":[{"embeddable":true,"href":"https:\/\/www.evearly.news\/fr\/wp-json\/wp\/v2\/users\/10"}],"replies":[{"embeddable":true,"href":"https:\/\/www.evearly.news\/fr\/wp-json\/wp\/v2\/comments?post=197379"}],"version-history":[{"count":0,"href":"https:\/\/www.evearly.news\/fr\/wp-json\/wp\/v2\/posts\/197379\/revisions"}],"wp:attachment":[{"href":"https:\/\/www.evearly.news\/fr\/wp-json\/wp\/v2\/media?parent=197379"}],"wp:term":[{"taxonomy":"category","embeddable":true,"href":"https:\/\/www.evearly.news\/fr\/wp-json\/wp\/v2\/categories?post=197379"},{"taxonomy":"post_tag","embeddable":true,"href":"https:\/\/www.evearly.news\/fr\/wp-json\/wp\/v2\/tags?post=197379"}],"curies":[{"name":"wp","href":"https:\/\/api.w.org\/{rel}","templated":true}]}}