{"id":199081,"date":"2022-09-26T12:00:00","date_gmt":"2022-09-26T10:00:00","guid":{"rendered":"https:\/\/www.caradisiac.com\/l-eure-passe-a-la-recharge-ultra-rapide-une-premiere-en-france-198172.htm#xtor=RSS-40"},"modified":"2022-09-26T12:00:00","modified_gmt":"2022-09-26T10:00:00","slug":"leure-passe-a-la-recharge-ultra-rapide-une-premiere-en-france","status":"publish","type":"post","link":"https:\/\/www.evearly.news\/fr\/leure-passe-a-la-recharge-ultra-rapide-une-premiere-en-france\/","title":{"rendered":"L&rsquo;Eure passe \u00e0 la recharge ultra-rapide\u00a0: une premi\u00e8re en France"},"content":{"rendered":"<p><img decoding=\"async\" src=\"https:\/\/news.evearly.com\/wp-content\/uploads\/2022\/09\/leure-passe-a-la-recharge-ultra-rapide-une-premiere-en-france.jpg\" \/> Recharger sa voiture \u00e9lectrique en vingt minutes, ou r\u00e9cup\u00e9rer 100\u00a0km d\u2019autonomie en moins de trois minutes\u00a0: voil\u00e0 la promesse faite par la nouvelle station de recharge la plus rapide de France. Situ\u00e9e pr\u00e8s de Vernon, en Normandie, elle a \u00e9t\u00e9 inaugur\u00e9e jeudi dernier. <a href=\"https:\/\/www.caradisiac.com\/l-eure-passe-a-la-recharge-ultra-rapide-une-premiere-en-france-198172.htm#xtor=RSS-40\" target=\"blank\" rel=\"noopener\">Lire la suite&#8230;<\/a><\/p>\n","protected":false},"excerpt":{"rendered":"<p><img decoding=\"async\" src=\"https:\/\/news.evearly.com\/wp-content\/uploads\/2022\/09\/leure-passe-a-la-recharge-ultra-rapide-une-premiere-en-france.jpg\" \/> Recharger sa voiture \u00e9lectrique en vingt minutes, ou r\u00e9cup\u00e9rer 100\u00a0km d\u2019autonomie en moins de trois minutes\u00a0: voil\u00e0 la promesse faite par la nouvelle station de recharge la plus rapide de France. Situ\u00e9e pr\u00e8s de Vernon, en Normandie, elle a \u00e9t\u00e9 inaugur\u00e9e jeudi dernier.<\/p>\n<p> <a class=\"continue-reading-link\" href=\"https:\/\/www.evearly.news\/fr\/leure-passe-a-la-recharge-ultra-rapide-une-premiere-en-france\/\"><\/a><\/p>\n","protected":false},"author":11,"featured_media":0,"comment_status":"closed","ping_status":"closed","sticky":false,"template":"","format":"standard","meta":{"footnotes":""},"categories":[11],"tags":[],"class_list":["post-199081","post","type-post","status-publish","format-standard","hentry","category-caradisiac"],"_links":{"self":[{"href":"https:\/\/www.evearly.news\/fr\/wp-json\/wp\/v2\/posts\/199081","targetHints":{"allow":["GET"]}}],"collection":[{"href":"https:\/\/www.evearly.news\/fr\/wp-json\/wp\/v2\/posts"}],"about":[{"href":"https:\/\/www.evearly.news\/fr\/wp-json\/wp\/v2\/types\/post"}],"author":[{"embeddable":true,"href":"https:\/\/www.evearly.news\/fr\/wp-json\/wp\/v2\/users\/11"}],"replies":[{"embeddable":true,"href":"https:\/\/www.evearly.news\/fr\/wp-json\/wp\/v2\/comments?post=199081"}],"version-history":[{"count":0,"href":"https:\/\/www.evearly.news\/fr\/wp-json\/wp\/v2\/posts\/199081\/revisions"}],"wp:attachment":[{"href":"https:\/\/www.evearly.news\/fr\/wp-json\/wp\/v2\/media?parent=199081"}],"wp:term":[{"taxonomy":"category","embeddable":true,"href":"https:\/\/www.evearly.news\/fr\/wp-json\/wp\/v2\/categories?post=199081"},{"taxonomy":"post_tag","embeddable":true,"href":"https:\/\/www.evearly.news\/fr\/wp-json\/wp\/v2\/tags?post=199081"}],"curies":[{"name":"wp","href":"https:\/\/api.w.org\/{rel}","templated":true}]}}