{"id":199180,"date":"2022-09-26T11:07:12","date_gmt":"2022-09-26T09:07:12","guid":{"rendered":"https:\/\/www.avere-france.org\/?p=11611"},"modified":"2022-09-26T11:07:12","modified_gmt":"2022-09-26T09:07:12","slug":"a-travers-deux-stands-lavere-france-portera-les-couleurs-de-la-mobilite-electrique-au-mondial-de-lautomobile","status":"publish","type":"post","link":"https:\/\/www.evearly.news\/fr\/a-travers-deux-stands-lavere-france-portera-les-couleurs-de-la-mobilite-electrique-au-mondial-de-lautomobile\/","title":{"rendered":"A travers deux stands, l\u2019Avere-France portera les couleurs de la mobilit\u00e9 \u00e9lectrique au Mondial de l\u2019Automobile"},"content":{"rendered":"<p><img decoding=\"async\" src=\"https:\/\/www.avere-france.org\/wp-content\/uploads\/2022\/09\/shutterstock_293000024-scaled.jpg\" \/>Du 17 au 23 octobre 2022, l\u2019Avere-France, l\u2019association nationale pour le d\u00e9veloppement de la mobilit\u00e9 \u00e9lectrique, participera au Mondial de l\u2019Automobile, Porte de Versailles (Paris). Elle y tiendra deux stands, r\u00e9partis dans le Hall 4 : l\u2019un en compagnie de ses adh\u00e9rents et l\u2019autre d\u00e9di\u00e9 \u00e0 la p\u00e9dagogie autour de la mobilit\u00e9 \u00e9lectrique, dans le cadre de son programme CEE Advenir Formations. Ce stand sera r\u00e9alis\u00e9 avec le soutien de Mobilians et de la Plateforme Automobile (PFA), en partenariat avec le Minist\u00e8re de la Transition \u00e9nerg\u00e9tique et l\u2019ADEME. <a href=\"https:\/\/www.avere-france.org\/a-travers-deux-stands-lavere-france-portera-les-couleurs-de-la-mobilite-electrique-au-mondial-de-lautomobile\/\" target=\"bwindow\" rel=\"noopener\">Lire la suite&#8230;<\/a><\/p>\n","protected":false},"excerpt":{"rendered":"<p>&#8230; <a class=\"continue-reading-link\" href=\"https:\/\/www.evearly.news\/fr\/a-travers-deux-stands-lavere-france-portera-les-couleurs-de-la-mobilite-electrique-au-mondial-de-lautomobile\/\"><\/a><\/p>\n","protected":false},"author":10,"featured_media":0,"comment_status":"closed","ping_status":"closed","sticky":false,"template":"","format":"standard","meta":{"footnotes":""},"categories":[9],"tags":[],"class_list":["post-199180","post","type-post","status-publish","format-standard","hentry","category-avere-france"],"_links":{"self":[{"href":"https:\/\/www.evearly.news\/fr\/wp-json\/wp\/v2\/posts\/199180","targetHints":{"allow":["GET"]}}],"collection":[{"href":"https:\/\/www.evearly.news\/fr\/wp-json\/wp\/v2\/posts"}],"about":[{"href":"https:\/\/www.evearly.news\/fr\/wp-json\/wp\/v2\/types\/post"}],"author":[{"embeddable":true,"href":"https:\/\/www.evearly.news\/fr\/wp-json\/wp\/v2\/users\/10"}],"replies":[{"embeddable":true,"href":"https:\/\/www.evearly.news\/fr\/wp-json\/wp\/v2\/comments?post=199180"}],"version-history":[{"count":0,"href":"https:\/\/www.evearly.news\/fr\/wp-json\/wp\/v2\/posts\/199180\/revisions"}],"wp:attachment":[{"href":"https:\/\/www.evearly.news\/fr\/wp-json\/wp\/v2\/media?parent=199180"}],"wp:term":[{"taxonomy":"category","embeddable":true,"href":"https:\/\/www.evearly.news\/fr\/wp-json\/wp\/v2\/categories?post=199180"},{"taxonomy":"post_tag","embeddable":true,"href":"https:\/\/www.evearly.news\/fr\/wp-json\/wp\/v2\/tags?post=199180"}],"curies":[{"name":"wp","href":"https:\/\/api.w.org\/{rel}","templated":true}]}}