{"id":199548,"date":"2022-09-27T14:32:12","date_gmt":"2022-09-27T12:32:12","guid":{"rendered":"https:\/\/www.auto-moto.com\/?p=369949"},"modified":"2022-09-27T14:32:12","modified_gmt":"2022-09-27T12:32:12","slug":"climat-ikea-vers-le-zero-emission-pour-sa-flotte-dici-a-2040","status":"publish","type":"post","link":"https:\/\/www.evearly.news\/fr\/climat-ikea-vers-le-zero-emission-pour-sa-flotte-dici-a-2040\/","title":{"rendered":"Climat : Ikea vers le \u00ab\u00a0z\u00e9ro \u00e9mission\u00a0\u00bb pour sa flotte d\u2019ici \u00e0 2040"},"content":{"rendered":"<p><img decoding=\"async\" width=\"150\" height=\"150\" src=\"https:\/\/news.evearly.com\/wp-content\/uploads\/2022\/09\/climat-ikea-vers-le-zero-emission-pour-sa-flotte-dici-a-2040.jpg\" class=\"attachment-thumbnail size-thumbnail zoom-it wp-post-image\" alt=\"Un magasin Ikea (\u00a9 mastrminda \/ Pixabay)\" loading=\"lazy\" \/>Ikea prend des engagements sur le plan \u00e9cologique. L&rsquo;illustre firme du meuble en kit s&rsquo;engage \u00e0 \u00ab\u00a0verdir\u00a0\u00bb l&rsquo;ensemble de ses v\u00e9hicules dans les 18 ann\u00e9es \u00e0 venir. <a href=\"https:\/\/www.auto-moto.com\/green\/mise-au-vert-avec-peugeot\/ikea-zero-emission-flotte-2040-369949.html?utm_source=rss_feed&amp;utm_medium=link&amp;utm_campaign=unknown\" target='bwindow' rel=\"noopener\">Lire la suite&#8230;<\/a><\/p>\n","protected":false},"excerpt":{"rendered":"<p>Ikea prend des engagements sur le plan \u00e9cologique. L&rsquo;illustre firme du meuble en kit s&rsquo;engage \u00e0 \u00ab\u00a0verdir\u00a0\u00bb l&rsquo;ensemble de ses v\u00e9hicules dans les 18 ann\u00e9es \u00e0 venir&#8230;. <a class=\"continue-reading-link\" href=\"https:\/\/www.evearly.news\/fr\/climat-ikea-vers-le-zero-emission-pour-sa-flotte-dici-a-2040\/\"><\/a><\/p>\n","protected":false},"author":9,"featured_media":199549,"comment_status":"closed","ping_status":"closed","sticky":false,"template":"","format":"standard","meta":{"footnotes":""},"categories":[10],"tags":[],"class_list":["post-199548","post","type-post","status-publish","format-standard","has-post-thumbnail","hentry","category-auto-moto-com"],"_links":{"self":[{"href":"https:\/\/www.evearly.news\/fr\/wp-json\/wp\/v2\/posts\/199548","targetHints":{"allow":["GET"]}}],"collection":[{"href":"https:\/\/www.evearly.news\/fr\/wp-json\/wp\/v2\/posts"}],"about":[{"href":"https:\/\/www.evearly.news\/fr\/wp-json\/wp\/v2\/types\/post"}],"author":[{"embeddable":true,"href":"https:\/\/www.evearly.news\/fr\/wp-json\/wp\/v2\/users\/9"}],"replies":[{"embeddable":true,"href":"https:\/\/www.evearly.news\/fr\/wp-json\/wp\/v2\/comments?post=199548"}],"version-history":[{"count":0,"href":"https:\/\/www.evearly.news\/fr\/wp-json\/wp\/v2\/posts\/199548\/revisions"}],"wp:featuredmedia":[{"embeddable":true,"href":"https:\/\/www.evearly.news\/fr\/wp-json\/"}],"wp:attachment":[{"href":"https:\/\/www.evearly.news\/fr\/wp-json\/wp\/v2\/media?parent=199548"}],"wp:term":[{"taxonomy":"category","embeddable":true,"href":"https:\/\/www.evearly.news\/fr\/wp-json\/wp\/v2\/categories?post=199548"},{"taxonomy":"post_tag","embeddable":true,"href":"https:\/\/www.evearly.news\/fr\/wp-json\/wp\/v2\/tags?post=199548"}],"curies":[{"name":"wp","href":"https:\/\/api.w.org\/{rel}","templated":true}]}}