{"id":200842,"date":"2022-10-04T18:43:40","date_gmt":"2022-10-04T16:43:40","guid":{"rendered":"https:\/\/www.auto-moto.com\/?p=372151"},"modified":"2022-10-04T18:43:40","modified_gmt":"2022-10-04T16:43:40","slug":"dacia-bigster-pourquoi-sera-t-il-aussi-vendu-sous-label-renault","status":"publish","type":"post","link":"https:\/\/www.evearly.news\/fr\/dacia-bigster-pourquoi-sera-t-il-aussi-vendu-sous-label-renault\/","title":{"rendered":"Dacia Bigster : pourquoi sera-t-il aussi vendu sous label Renault ?"},"content":{"rendered":"<p><img decoding=\"async\" width=\"150\" height=\"150\" src=\"https:\/\/news.evearly.com\/wp-content\/uploads\/2022\/10\/dacia-bigster-pourquoi-sera-t-il-aussi-vendu-sous-label-renault.jpg\" class=\"attachment-thumbnail size-thumbnail zoom-it wp-post-image\" alt=\"\" loading=\"lazy\" \/>Trop cheap pour certains march\u00e9s, l&#8217;embl\u00e8me Dacia ? Qu&rsquo;\u00e0 cela ne tienne. Les mod\u00e8les de la marque officieront avec un Losange sur la calandre, \u00e0 l&rsquo;avenir. <a href=\"https:\/\/www.auto-moto.com\/nouveautes\/scoop\/dacia-bigster-sera-vendu-label-renault-372151.html?utm_source=rss_feed&amp;utm_medium=link&amp;utm_campaign=unknown\" target='bwindow' rel=\"noopener\">Lire la suite&#8230;<\/a><\/p>\n","protected":false},"excerpt":{"rendered":"<p>Trop cheap pour certains march\u00e9s, l&#8217;embl\u00e8me Dacia ? Qu&rsquo;\u00e0 cela ne tienne. Les mod\u00e8les de la marque officieront avec un Losange sur la calandre, \u00e0 l&rsquo;avenir&#8230;. <a class=\"continue-reading-link\" href=\"https:\/\/www.evearly.news\/fr\/dacia-bigster-pourquoi-sera-t-il-aussi-vendu-sous-label-renault\/\"><\/a><\/p>\n","protected":false},"author":9,"featured_media":200843,"comment_status":"closed","ping_status":"closed","sticky":false,"template":"","format":"standard","meta":{"footnotes":""},"categories":[10],"tags":[],"class_list":["post-200842","post","type-post","status-publish","format-standard","has-post-thumbnail","hentry","category-auto-moto-com"],"_links":{"self":[{"href":"https:\/\/www.evearly.news\/fr\/wp-json\/wp\/v2\/posts\/200842","targetHints":{"allow":["GET"]}}],"collection":[{"href":"https:\/\/www.evearly.news\/fr\/wp-json\/wp\/v2\/posts"}],"about":[{"href":"https:\/\/www.evearly.news\/fr\/wp-json\/wp\/v2\/types\/post"}],"author":[{"embeddable":true,"href":"https:\/\/www.evearly.news\/fr\/wp-json\/wp\/v2\/users\/9"}],"replies":[{"embeddable":true,"href":"https:\/\/www.evearly.news\/fr\/wp-json\/wp\/v2\/comments?post=200842"}],"version-history":[{"count":0,"href":"https:\/\/www.evearly.news\/fr\/wp-json\/wp\/v2\/posts\/200842\/revisions"}],"wp:featuredmedia":[{"embeddable":true,"href":"https:\/\/www.evearly.news\/fr\/wp-json\/"}],"wp:attachment":[{"href":"https:\/\/www.evearly.news\/fr\/wp-json\/wp\/v2\/media?parent=200842"}],"wp:term":[{"taxonomy":"category","embeddable":true,"href":"https:\/\/www.evearly.news\/fr\/wp-json\/wp\/v2\/categories?post=200842"},{"taxonomy":"post_tag","embeddable":true,"href":"https:\/\/www.evearly.news\/fr\/wp-json\/wp\/v2\/tags?post=200842"}],"curies":[{"name":"wp","href":"https:\/\/api.w.org\/{rel}","templated":true}]}}