{"id":200891,"date":"2022-10-05T06:00:45","date_gmt":"2022-10-05T04:00:45","guid":{"rendered":"https:\/\/www.avem.fr\/?p=50346"},"modified":"2023-08-17T18:44:09","modified_gmt":"2023-08-17T18:44:09","slug":"que-penser-des-risques-de-coupures-sur-les-bornes-de-recharge-cet-hiver","status":"publish","type":"post","link":"https:\/\/www.evearly.news\/fr\/que-penser-des-risques-de-coupures-sur-les-bornes-de-recharge-cet-hiver\/","title":{"rendered":"Que penser des risques de coupures sur les bornes de recharge cet hiver ?"},"content":{"rendered":"<p><img decoding=\"async\" width=\"1000\" height=\"563\" src=\"https:\/\/news.evearly.com\/wp-content\/uploads\/2022\/10\/que-penser-des-risques-de-coupures-sur-les-bornes-de-recharge-cet-hiver.jpg\" class=\"attachment-post-thumbnail size-post-thumbnail wp-post-image\" alt=\"risques coupures hiver\" loading=\"lazy\" \/>Chaque ann\u00e9e, \u00e0 l\u2019approche de l\u2019hiver, les m\u00e9dias g\u00e9n\u00e9ralistes ressortent dans leurs colonnes le risque d\u2019une coupure d\u2019alimentation du r\u00e9seau national \u00e9lectrique. Si ces alertes pouvaient appara\u00eetre exag\u00e9r\u00e9es jusque-l\u00e0, la saison \u00e0 cheval sur 2022-2023 qui arrive ne nous laissent pas tr\u00e8s sereins. Gestionnaire du r\u00e9seau \u00e9lectrique, RTE imagine m\u00eame [\u2026] <a href=\"https:\/\/www.avem.fr\/2022\/10\/05\/que-penser-des-risques-de-coupures-sur-les-bornes-de-recharge-cet-hiver\/\" target=\"blank\" rel=\"noopener\">Lire la suite&#8230;<\/a><\/p>\n","protected":false},"excerpt":{"rendered":"<p><img decoding=\"async\" width=\"1000\" height=\"563\" src=\"https:\/\/news.evearly.com\/wp-content\/uploads\/2022\/10\/que-penser-des-risques-de-coupures-sur-les-bornes-de-recharge-cet-hiver.jpg\" class=\"attachment-post-thumbnail size-post-thumbnail wp-post-image\" alt=\"risques coupures hiver\" loading=\"lazy\" \/>Chaque ann\u00e9e, \u00e0 l\u2019approche de l\u2019hiver, les m\u00e9dias g\u00e9n\u00e9ralistes ressortent dans leurs colonnes le risque d\u2019une coupure d\u2019alimentation du r\u00e9seau national \u00e9lectrique. Si ces alertes pouvaient appara\u00eetre exag\u00e9r\u00e9es jusque-l\u00e0, la saison \u00e0 cheval sur 2022-2023 qui arrive ne nous laissent pas tr\u00e8s sereins. Gestionnaire du r\u00e9seau \u00e9lectrique, RTE imagine m\u00eame [\u2026] <a class=\"continue-reading-link\" href=\"https:\/\/www.evearly.news\/fr\/que-penser-des-risques-de-coupures-sur-les-bornes-de-recharge-cet-hiver\/\"><\/a><\/p>\n","protected":false},"author":3,"featured_media":0,"comment_status":"closed","ping_status":"closed","sticky":false,"template":"","format":"standard","meta":{"footnotes":""},"categories":[3],"tags":[],"class_list":["post-200891","post","type-post","status-publish","format-standard","hentry","category-avem"],"_links":{"self":[{"href":"https:\/\/www.evearly.news\/fr\/wp-json\/wp\/v2\/posts\/200891","targetHints":{"allow":["GET"]}}],"collection":[{"href":"https:\/\/www.evearly.news\/fr\/wp-json\/wp\/v2\/posts"}],"about":[{"href":"https:\/\/www.evearly.news\/fr\/wp-json\/wp\/v2\/types\/post"}],"author":[{"embeddable":true,"href":"https:\/\/www.evearly.news\/fr\/wp-json\/wp\/v2\/users\/3"}],"replies":[{"embeddable":true,"href":"https:\/\/www.evearly.news\/fr\/wp-json\/wp\/v2\/comments?post=200891"}],"version-history":[{"count":1,"href":"https:\/\/www.evearly.news\/fr\/wp-json\/wp\/v2\/posts\/200891\/revisions"}],"predecessor-version":[{"id":256585,"href":"https:\/\/www.evearly.news\/fr\/wp-json\/wp\/v2\/posts\/200891\/revisions\/256585"}],"wp:attachment":[{"href":"https:\/\/www.evearly.news\/fr\/wp-json\/wp\/v2\/media?parent=200891"}],"wp:term":[{"taxonomy":"category","embeddable":true,"href":"https:\/\/www.evearly.news\/fr\/wp-json\/wp\/v2\/categories?post=200891"},{"taxonomy":"post_tag","embeddable":true,"href":"https:\/\/www.evearly.news\/fr\/wp-json\/wp\/v2\/tags?post=200891"}],"curies":[{"name":"wp","href":"https:\/\/api.w.org\/{rel}","templated":true}]}}