{"id":201739,"date":"2022-10-10T10:13:01","date_gmt":"2022-10-10T08:13:01","guid":{"rendered":"https:\/\/www.avere-france.org\/?p=11928"},"modified":"2022-10-10T10:13:01","modified_gmt":"2022-10-10T08:13:01","slug":"hausse-des-prix-de-lelectricite-les-vehicules-electriques-restent-plus-competitifs-a-lusage-que-leurs-homologues-thermiques","status":"publish","type":"post","link":"https:\/\/www.evearly.news\/fr\/hausse-des-prix-de-lelectricite-les-vehicules-electriques-restent-plus-competitifs-a-lusage-que-leurs-homologues-thermiques\/","title":{"rendered":"Hausse des prix de l\u2019\u00e9lectricit\u00e9 : les v\u00e9hicules \u00e9lectriques restent plus comp\u00e9titifs \u00e0 l\u2019usage que leurs homologues thermiques"},"content":{"rendered":"<p><img decoding=\"async\" src=\"https:\/\/www.avere-france.org\/wp-content\/uploads\/2022\/10\/MicrosoftTeams-image-3-scaled.jpg\" \/>En septembre 2022, pour la premi\u00e8re fois, les voitures 100 % \u00e9lectriques sont pass\u00e9es devant les voitures Diesel en mati\u00e8re d\u2019immatriculations, avec 16 % de parts de march\u00e9 (versus 14,4% pour les Diesel). L\u2019essor du v\u00e9hicule \u00e9lectrique devrait encore davantage se confirmer en 2023 avec la commercialisation de nouveaux mod\u00e8les et un march\u00e9 de l\u2019occasion densifi\u00e9. Or, depuis quelques semaines, particuliers et professionnels doivent faire face \u00e0 la hausse des prix de l\u2019\u00e9lectricit\u00e9. Des inqui\u00e9tudes naissent donc autour du prix de la recharge des v\u00e9hicules \u00e9lectriques. L\u2019Avere-France, en tant qu\u2019association nationale pour le d\u00e9veloppement de la mobilit\u00e9 \u00e9lectrique, souhaite faire le point. <a href=\"https:\/\/www.avere-france.org\/hausse-des-prix-de-lelectricite-les-vehicules-electriques-restent-plus-competitifs-a-lusage-que-leurs-homologues-thermiques\/\" target=\"bwindow\" rel=\"noopener\">Lire la suite&#8230;<\/a><\/p>\n","protected":false},"excerpt":{"rendered":"<p>&#8230; <a class=\"continue-reading-link\" href=\"https:\/\/www.evearly.news\/fr\/hausse-des-prix-de-lelectricite-les-vehicules-electriques-restent-plus-competitifs-a-lusage-que-leurs-homologues-thermiques\/\"><\/a><\/p>\n","protected":false},"author":10,"featured_media":0,"comment_status":"closed","ping_status":"closed","sticky":false,"template":"","format":"standard","meta":{"footnotes":""},"categories":[9],"tags":[],"class_list":["post-201739","post","type-post","status-publish","format-standard","hentry","category-avere-france"],"_links":{"self":[{"href":"https:\/\/www.evearly.news\/fr\/wp-json\/wp\/v2\/posts\/201739","targetHints":{"allow":["GET"]}}],"collection":[{"href":"https:\/\/www.evearly.news\/fr\/wp-json\/wp\/v2\/posts"}],"about":[{"href":"https:\/\/www.evearly.news\/fr\/wp-json\/wp\/v2\/types\/post"}],"author":[{"embeddable":true,"href":"https:\/\/www.evearly.news\/fr\/wp-json\/wp\/v2\/users\/10"}],"replies":[{"embeddable":true,"href":"https:\/\/www.evearly.news\/fr\/wp-json\/wp\/v2\/comments?post=201739"}],"version-history":[{"count":0,"href":"https:\/\/www.evearly.news\/fr\/wp-json\/wp\/v2\/posts\/201739\/revisions"}],"wp:attachment":[{"href":"https:\/\/www.evearly.news\/fr\/wp-json\/wp\/v2\/media?parent=201739"}],"wp:term":[{"taxonomy":"category","embeddable":true,"href":"https:\/\/www.evearly.news\/fr\/wp-json\/wp\/v2\/categories?post=201739"},{"taxonomy":"post_tag","embeddable":true,"href":"https:\/\/www.evearly.news\/fr\/wp-json\/wp\/v2\/tags?post=201739"}],"curies":[{"name":"wp","href":"https:\/\/api.w.org\/{rel}","templated":true}]}}