{"id":202627,"date":"2022-10-13T10:19:49","date_gmt":"2022-10-13T08:19:49","guid":{"rendered":"https:\/\/www.avere-france.org\/?p=11992"},"modified":"2022-10-13T10:19:49","modified_gmt":"2022-10-13T08:19:49","slug":"lavere-france-lassociation-nationale-pour-le-developpement-de-la-mobilite-electrique-etend-son-expertise-au-domaine-du-financement-en-accueillant-credit-agricole-consumer-finance-p","status":"publish","type":"post","link":"https:\/\/www.evearly.news\/fr\/lavere-france-lassociation-nationale-pour-le-developpement-de-la-mobilite-electrique-etend-son-expertise-au-domaine-du-financement-en-accueillant-credit-agricole-consumer-finance-p\/","title":{"rendered":"L\u2019Avere-France, l\u2019association nationale pour le d\u00e9veloppement de la mobilit\u00e9 \u00e9lectrique, \u00e9tend son expertise au domaine du financement en accueillant Cr\u00e9dit Agricole Consumer Finance parmi ses adh\u00e9rents"},"content":{"rendered":"<p><img decoding=\"async\" src=\"https:\/\/www.avere-france.org\/wp-content\/uploads\/2022\/10\/Visuel-CReditAgricoleConsumerFinance.jpg\" \/>Cr\u00e9dit Agricole Consumer Finance, la filiale sp\u00e9cialiste du cr\u00e9dit \u00e0 la consommation et du financement de la mobilit\u00e9 du Groupe Cr\u00e9dit Agricole, rejoint la liste des adh\u00e9rents de l\u2019Avere-France, l\u2019association nationale pour le d\u00e9veloppement de la mobilit\u00e9 \u00e9lectrique. Bien que pr\u00e8s de 40 organisations aient adh\u00e9r\u00e9 \u00e0 l\u2019Avere-France depuis janvier 2022 (sur un total de plus de 220), c\u2019est la premi\u00e8re fois qu\u2019une banque experte du financement de la mobilit\u00e9 rejoint le cercle des adh\u00e9rents de l\u2019association. Une arriv\u00e9e coh\u00e9rente avec les missions de l\u2019Avere-France ; Cr\u00e9dit Agricole Consumer Finance affirmant ouvertement son engagement en faveur d\u2019une mobilit\u00e9 plus respectueuse de l\u2019environnement. R\u00e9cemment \u00e9lue au sein du Conseil d\u2019Administration de l\u2019Avere-France, Cr\u00e9dit Agricole Consumer Finance a l\u2019ambition de devenir leader de la mobilit\u00e9 d\u00e9carbon\u00e9e en Europe et pr\u00e9voit de financer un v\u00e9hicule sur deux neufs \u00e9lectriques ou hybrides d\u2019ici 2025 et de r\u00e9duire de 50% l\u2019empreinte carbone de son portefeuille de financement automobile d\u2019ici 2030. <a href=\"https:\/\/www.avere-france.org\/lavere-france-lassociation-nationale-pour-le-developpement-de-la-mobilite-electrique-etend-son-expertise-au-domaine-du-financement-en-accueillant-credit-agricole-consumer-finance-parmi-ses-adher\/\" target=\"bwindow\" rel=\"noopener\">Lire la suite&#8230;<\/a><\/p>\n","protected":false},"excerpt":{"rendered":"<p>&#8230; <a class=\"continue-reading-link\" href=\"https:\/\/www.evearly.news\/fr\/lavere-france-lassociation-nationale-pour-le-developpement-de-la-mobilite-electrique-etend-son-expertise-au-domaine-du-financement-en-accueillant-credit-agricole-consumer-finance-p\/\"><\/a><\/p>\n","protected":false},"author":10,"featured_media":0,"comment_status":"closed","ping_status":"closed","sticky":false,"template":"","format":"standard","meta":{"footnotes":""},"categories":[9],"tags":[],"class_list":["post-202627","post","type-post","status-publish","format-standard","hentry","category-avere-france"],"_links":{"self":[{"href":"https:\/\/www.evearly.news\/fr\/wp-json\/wp\/v2\/posts\/202627","targetHints":{"allow":["GET"]}}],"collection":[{"href":"https:\/\/www.evearly.news\/fr\/wp-json\/wp\/v2\/posts"}],"about":[{"href":"https:\/\/www.evearly.news\/fr\/wp-json\/wp\/v2\/types\/post"}],"author":[{"embeddable":true,"href":"https:\/\/www.evearly.news\/fr\/wp-json\/wp\/v2\/users\/10"}],"replies":[{"embeddable":true,"href":"https:\/\/www.evearly.news\/fr\/wp-json\/wp\/v2\/comments?post=202627"}],"version-history":[{"count":0,"href":"https:\/\/www.evearly.news\/fr\/wp-json\/wp\/v2\/posts\/202627\/revisions"}],"wp:attachment":[{"href":"https:\/\/www.evearly.news\/fr\/wp-json\/wp\/v2\/media?parent=202627"}],"wp:term":[{"taxonomy":"category","embeddable":true,"href":"https:\/\/www.evearly.news\/fr\/wp-json\/wp\/v2\/categories?post=202627"},{"taxonomy":"post_tag","embeddable":true,"href":"https:\/\/www.evearly.news\/fr\/wp-json\/wp\/v2\/tags?post=202627"}],"curies":[{"name":"wp","href":"https:\/\/api.w.org\/{rel}","templated":true}]}}