{"id":202920,"date":"2022-10-14T10:24:53","date_gmt":"2022-10-14T08:24:53","guid":{"rendered":"https:\/\/www.avere-france.org\/?p=12075"},"modified":"2022-10-14T10:24:53","modified_gmt":"2022-10-14T08:24:53","slug":"lavere-france-renouvelle-son-conseil-dadministration-pour-representer-au-mieux-lecosysteme-de-la-mobilite-electrique","status":"publish","type":"post","link":"https:\/\/www.evearly.news\/fr\/lavere-france-renouvelle-son-conseil-dadministration-pour-representer-au-mieux-lecosysteme-de-la-mobilite-electrique\/","title":{"rendered":"L\u2019Avere-France renouvelle son Conseil d\u2019Administration pour repr\u00e9senter au mieux l\u2019\u00e9cosyst\u00e8me de la mobilit\u00e9 \u00e9lectrique"},"content":{"rendered":"<p><img decoding=\"async\" src=\"https:\/\/www.avere-france.org\/wp-content\/uploads\/2021\/11\/architecture-1837176_1920.jpg\" alt=\"Devenir adh\u00e9rent Avere-France\" \/>Ce mardi 11 octobre 2022 s\u2019est tenue l\u2019Assembl\u00e9e G\u00e9n\u00e9rale de l\u2019Avere-France, l\u2019association nationale pour le d\u00e9veloppement de la mobilit\u00e9 \u00e9lectrique. Cette derni\u00e8re a d\u00e9cid\u00e9 de modifier les crit\u00e8res de composition du Conseil d\u2019Administration en passant d\u2019une \u00e9lection par type d\u2019entit\u00e9 (Entreprise, Association\u2026) \u00e0 une \u00e9lection par domaine d\u2019activit\u00e9 afin d\u2019assurer une meilleure couverture de l\u2019\u00e9cosyst\u00e8me de la mobilit\u00e9 \u00e9lectrique. En outre, le nombre de<br \/>\npostes est pass\u00e9 de 23 \u00e0 27 membres pour tenir compte du d\u00e9veloppement r\u00e9cent de certaines activit\u00e9s, tels les services \u00e0 la mobilit\u00e9. Enfin, l\u2019Assembl\u00e9e a aussi d\u00e9cid\u00e9 d\u2019actualiser annuellement cette approche pour prendre en compte les \u00e9volutions \u00e0 venir.<\/p>\n<p>Pour rappel, le Conseil d\u2019Administration a pour objectif de fixer les politiques et priorit\u00e9s de l\u2019Avere-France afin de lui donner ses grandes orientations strat\u00e9giques. Les mandats des administrateurs sont de 3 ans. <a href=\"https:\/\/www.avere-france.org\/lavere-france-renouvelle-son-conseil-dadministration-pour-representer-au-mieux-lecosysteme-de-la-mobilite-electrique\/\" target=\"bwindow\" rel=\"noopener\">Lire la suite&#8230;<\/a><\/p>\n","protected":false},"excerpt":{"rendered":"<p>&#8230; <a class=\"continue-reading-link\" href=\"https:\/\/www.evearly.news\/fr\/lavere-france-renouvelle-son-conseil-dadministration-pour-representer-au-mieux-lecosysteme-de-la-mobilite-electrique\/\"><\/a><\/p>\n","protected":false},"author":10,"featured_media":0,"comment_status":"closed","ping_status":"closed","sticky":false,"template":"","format":"standard","meta":{"footnotes":""},"categories":[9],"tags":[],"class_list":["post-202920","post","type-post","status-publish","format-standard","hentry","category-avere-france"],"_links":{"self":[{"href":"https:\/\/www.evearly.news\/fr\/wp-json\/wp\/v2\/posts\/202920","targetHints":{"allow":["GET"]}}],"collection":[{"href":"https:\/\/www.evearly.news\/fr\/wp-json\/wp\/v2\/posts"}],"about":[{"href":"https:\/\/www.evearly.news\/fr\/wp-json\/wp\/v2\/types\/post"}],"author":[{"embeddable":true,"href":"https:\/\/www.evearly.news\/fr\/wp-json\/wp\/v2\/users\/10"}],"replies":[{"embeddable":true,"href":"https:\/\/www.evearly.news\/fr\/wp-json\/wp\/v2\/comments?post=202920"}],"version-history":[{"count":0,"href":"https:\/\/www.evearly.news\/fr\/wp-json\/wp\/v2\/posts\/202920\/revisions"}],"wp:attachment":[{"href":"https:\/\/www.evearly.news\/fr\/wp-json\/wp\/v2\/media?parent=202920"}],"wp:term":[{"taxonomy":"category","embeddable":true,"href":"https:\/\/www.evearly.news\/fr\/wp-json\/wp\/v2\/categories?post=202920"},{"taxonomy":"post_tag","embeddable":true,"href":"https:\/\/www.evearly.news\/fr\/wp-json\/wp\/v2\/tags?post=202920"}],"curies":[{"name":"wp","href":"https:\/\/api.w.org\/{rel}","templated":true}]}}