{"id":203137,"date":"2022-10-16T14:36:11","date_gmt":"2022-10-16T12:36:11","guid":{"rendered":"https:\/\/www.avere-france.org\/?p=12112"},"modified":"2022-10-16T14:36:11","modified_gmt":"2022-10-16T12:36:11","slug":"lavere-france-publie-son-guide-comment-electrifier-sa-flotte-de-vehicules-pour-faciliter-la-transition-des-entreprises-et-collectivites-vers-lelectrique","status":"publish","type":"post","link":"https:\/\/www.evearly.news\/fr\/lavere-france-publie-son-guide-comment-electrifier-sa-flotte-de-vehicules-pour-faciliter-la-transition-des-entreprises-et-collectivites-vers-lelectrique\/","title":{"rendered":"L\u2019Avere-France publie son guide \u00ab\u00a0Comment \u00e9lectrifier sa flotte de v\u00e9hicules ?\u00a0\u00bb pour faciliter la transition des entreprises et collectivit\u00e9s vers l\u2019\u00e9lectrique"},"content":{"rendered":"<p><img decoding=\"async\" src=\"https:\/\/www.avere-france.org\/wp-content\/uploads\/2022\/10\/test_image_guide_2.jpg\" \/>Parce qu\u2019\u00e9lectrifier les flottes de v\u00e9hicules est une \u00e9tape n\u00e9cessaire pour la d\u00e9carbonation des transports, l\u2019Avere-France (l\u2019association nationale pour le d\u00e9veloppement de la mobilit\u00e9 \u00e9lectrique) et ses adh\u00e9rents formulent des recommandations dans leur guide \u00ab <em>Comment \u00e9lectrifier sa flotte de v\u00e9hicules\u00a0?<\/em> \u00bb. Ainsi, entreprises et collectivit\u00e9s pourront, \u00e0 travers ce guide, envisager au mieux l\u2019\u00e9lectrification de leurs flottes, notamment dans l\u2019objectif de r\u00e9pondre aux orientations gouvernementales. <a href=\"https:\/\/www.avere-france.org\/lavere-france-publie-son-guide-comment-electrifier-sa-flotte-de-vehicules-pour-faciliter-la-transition-des-entreprises-et-collectivites-vers-lelectrique\/\" target=\"bwindow\" rel=\"noopener\">Lire la suite&#8230;<\/a><\/p>\n","protected":false},"excerpt":{"rendered":"<p>&#8230; <a class=\"continue-reading-link\" href=\"https:\/\/www.evearly.news\/fr\/lavere-france-publie-son-guide-comment-electrifier-sa-flotte-de-vehicules-pour-faciliter-la-transition-des-entreprises-et-collectivites-vers-lelectrique\/\"><\/a><\/p>\n","protected":false},"author":10,"featured_media":0,"comment_status":"closed","ping_status":"closed","sticky":false,"template":"","format":"standard","meta":{"footnotes":""},"categories":[9],"tags":[],"class_list":["post-203137","post","type-post","status-publish","format-standard","hentry","category-avere-france"],"_links":{"self":[{"href":"https:\/\/www.evearly.news\/fr\/wp-json\/wp\/v2\/posts\/203137","targetHints":{"allow":["GET"]}}],"collection":[{"href":"https:\/\/www.evearly.news\/fr\/wp-json\/wp\/v2\/posts"}],"about":[{"href":"https:\/\/www.evearly.news\/fr\/wp-json\/wp\/v2\/types\/post"}],"author":[{"embeddable":true,"href":"https:\/\/www.evearly.news\/fr\/wp-json\/wp\/v2\/users\/10"}],"replies":[{"embeddable":true,"href":"https:\/\/www.evearly.news\/fr\/wp-json\/wp\/v2\/comments?post=203137"}],"version-history":[{"count":0,"href":"https:\/\/www.evearly.news\/fr\/wp-json\/wp\/v2\/posts\/203137\/revisions"}],"wp:attachment":[{"href":"https:\/\/www.evearly.news\/fr\/wp-json\/wp\/v2\/media?parent=203137"}],"wp:term":[{"taxonomy":"category","embeddable":true,"href":"https:\/\/www.evearly.news\/fr\/wp-json\/wp\/v2\/categories?post=203137"},{"taxonomy":"post_tag","embeddable":true,"href":"https:\/\/www.evearly.news\/fr\/wp-json\/wp\/v2\/tags?post=203137"}],"curies":[{"name":"wp","href":"https:\/\/api.w.org\/{rel}","templated":true}]}}