{"id":203150,"date":"2022-10-17T00:27:43","date_gmt":"2022-10-16T22:27:43","guid":{"rendered":"https:\/\/www.automobile-propre.com\/?p=160171"},"modified":"2022-10-17T00:27:43","modified_gmt":"2022-10-16T22:27:43","slug":"voitures-electriques-le-bonus-va-augmenter-a-7000-e-pour-la-moitie-des-menages","status":"publish","type":"post","link":"https:\/\/www.evearly.news\/fr\/voitures-electriques-le-bonus-va-augmenter-a-7000-e-pour-la-moitie-des-menages\/","title":{"rendered":"Voitures \u00e9lectriques : le bonus va augmenter \u00e0 7000 \u20ac pour la moiti\u00e9 des m\u00e9nages"},"content":{"rendered":"<p><img loading=\"lazy\" decoding=\"async\" width=\"500\" height=\"333\" src=\"https:\/\/news.evearly.com\/wp-content\/uploads\/2022\/10\/voitures-electriques-le-bonus-va-augmenter-a-7000-e-pour-la-moitie-des-menages.jpg\" class=\"attachment-186x124 size-186x124 wp-post-image\" alt=\"Renault Zoe R135\" \/><br \/>\nBonne surprise : le Pr\u00e9sident de la R\u00e9publique a annonc\u00e9 une hausse du bonus \u00e9cologique, qui repassera \u00e0 7.000 \u20ac.\u2026 <a href=\"https:\/\/www.automobile-propre.com\/voitures-electriques-le-bonus-va-augmenter-a-7000-e-pour-la-moitie-des-menages\/\" target='bwindow' rel=\"noopener\">Lire la suite&#8230;<\/a><\/p>\n","protected":false},"excerpt":{"rendered":"<p>Bonne surprise : le Pr\u00e9sident de la R\u00e9publique a annonc\u00e9 une hausse du bonus \u00e9cologique, qui repassera \u00e0 7.000 \u20ac.\u2026&#8230; <a class=\"continue-reading-link\" href=\"https:\/\/www.evearly.news\/fr\/voitures-electriques-le-bonus-va-augmenter-a-7000-e-pour-la-moitie-des-menages\/\"><\/a><\/p>\n","protected":false},"author":8,"featured_media":0,"comment_status":"closed","ping_status":"closed","sticky":false,"template":"","format":"standard","meta":{"footnotes":""},"categories":[8],"tags":[],"class_list":["post-203150","post","type-post","status-publish","format-standard","hentry","category-automobile-propre"],"_links":{"self":[{"href":"https:\/\/www.evearly.news\/fr\/wp-json\/wp\/v2\/posts\/203150","targetHints":{"allow":["GET"]}}],"collection":[{"href":"https:\/\/www.evearly.news\/fr\/wp-json\/wp\/v2\/posts"}],"about":[{"href":"https:\/\/www.evearly.news\/fr\/wp-json\/wp\/v2\/types\/post"}],"author":[{"embeddable":true,"href":"https:\/\/www.evearly.news\/fr\/wp-json\/wp\/v2\/users\/8"}],"replies":[{"embeddable":true,"href":"https:\/\/www.evearly.news\/fr\/wp-json\/wp\/v2\/comments?post=203150"}],"version-history":[{"count":0,"href":"https:\/\/www.evearly.news\/fr\/wp-json\/wp\/v2\/posts\/203150\/revisions"}],"wp:attachment":[{"href":"https:\/\/www.evearly.news\/fr\/wp-json\/wp\/v2\/media?parent=203150"}],"wp:term":[{"taxonomy":"category","embeddable":true,"href":"https:\/\/www.evearly.news\/fr\/wp-json\/wp\/v2\/categories?post=203150"},{"taxonomy":"post_tag","embeddable":true,"href":"https:\/\/www.evearly.news\/fr\/wp-json\/wp\/v2\/tags?post=203150"}],"curies":[{"name":"wp","href":"https:\/\/api.w.org\/{rel}","templated":true}]}}