{"id":203156,"date":"2022-10-17T06:00:26","date_gmt":"2022-10-17T04:00:26","guid":{"rendered":"https:\/\/www.avem.fr\/?p=50484"},"modified":"2023-08-17T18:43:56","modified_gmt":"2023-08-17T18:43:56","slug":"un-avis-de-lademe-sur-les-vehicules-electriques-et-les-bornes-de-recharge","status":"publish","type":"post","link":"https:\/\/www.evearly.news\/fr\/un-avis-de-lademe-sur-les-vehicules-electriques-et-les-bornes-de-recharge\/","title":{"rendered":"Un Avis de l\u2019ADEME sur les v\u00e9hicules \u00e9lectriques et les bornes de recharge"},"content":{"rendered":"<p><img decoding=\"async\" width=\"1000\" height=\"563\" src=\"https:\/\/news.evearly.com\/wp-content\/uploads\/2022\/10\/un-avis-de-lademe-sur-les-vehicules-electriques-et-les-bornes-de-recharge.jpg\" class=\"attachment-post-thumbnail size-post-thumbnail wp-post-image\" alt=\"ADEME Avis v\u00e9hicules \u00e9lectriques\" loading=\"lazy\" \/>L\u2019ADEME vient de publier un Avis sur les v\u00e9hicules \u00e9lectriques et les bornes de recharge. Cet Avis part du constat que le march\u00e9 du v\u00e9hicule particulier entame une phase d\u2019\u00e9lectrification massive. Une \u00e9lectrification qui constitue l\u2019un des leviers incontournables pour atteindre la neutralit\u00e9 carbone en 2050. Pour autant, cette \u00e9lectrification [\u2026] <a href=\"https:\/\/www.avem.fr\/2022\/10\/17\/un-avis-de-lademe-sur-les-vehicules-electriques-et-les-bornes-de-recharge\/\" target=\"blank\" rel=\"noopener\">Lire la suite&#8230;<\/a><\/p>\n","protected":false},"excerpt":{"rendered":"<p><img decoding=\"async\" width=\"1000\" height=\"563\" src=\"https:\/\/news.evearly.com\/wp-content\/uploads\/2022\/10\/un-avis-de-lademe-sur-les-vehicules-electriques-et-les-bornes-de-recharge.jpg\" class=\"attachment-post-thumbnail size-post-thumbnail wp-post-image\" alt=\"ADEME Avis v\u00e9hicules \u00e9lectriques\" loading=\"lazy\" \/>L\u2019ADEME vient de publier un Avis sur les v\u00e9hicules \u00e9lectriques et les bornes de recharge. Cet Avis part du constat que le march\u00e9 du v\u00e9hicule particulier entame une phase d\u2019\u00e9lectrification massive. Une \u00e9lectrification qui constitue l\u2019un des leviers incontournables pour atteindre la neutralit\u00e9 carbone en 2050. Pour autant, cette \u00e9lectrification [\u2026] <a class=\"continue-reading-link\" href=\"https:\/\/www.evearly.news\/fr\/un-avis-de-lademe-sur-les-vehicules-electriques-et-les-bornes-de-recharge\/\"><\/a><\/p>\n","protected":false},"author":3,"featured_media":0,"comment_status":"closed","ping_status":"closed","sticky":false,"template":"","format":"standard","meta":{"footnotes":""},"categories":[3],"tags":[],"class_list":["post-203156","post","type-post","status-publish","format-standard","hentry","category-avem"],"_links":{"self":[{"href":"https:\/\/www.evearly.news\/fr\/wp-json\/wp\/v2\/posts\/203156","targetHints":{"allow":["GET"]}}],"collection":[{"href":"https:\/\/www.evearly.news\/fr\/wp-json\/wp\/v2\/posts"}],"about":[{"href":"https:\/\/www.evearly.news\/fr\/wp-json\/wp\/v2\/types\/post"}],"author":[{"embeddable":true,"href":"https:\/\/www.evearly.news\/fr\/wp-json\/wp\/v2\/users\/3"}],"replies":[{"embeddable":true,"href":"https:\/\/www.evearly.news\/fr\/wp-json\/wp\/v2\/comments?post=203156"}],"version-history":[{"count":1,"href":"https:\/\/www.evearly.news\/fr\/wp-json\/wp\/v2\/posts\/203156\/revisions"}],"predecessor-version":[{"id":256572,"href":"https:\/\/www.evearly.news\/fr\/wp-json\/wp\/v2\/posts\/203156\/revisions\/256572"}],"wp:attachment":[{"href":"https:\/\/www.evearly.news\/fr\/wp-json\/wp\/v2\/media?parent=203156"}],"wp:term":[{"taxonomy":"category","embeddable":true,"href":"https:\/\/www.evearly.news\/fr\/wp-json\/wp\/v2\/categories?post=203156"},{"taxonomy":"post_tag","embeddable":true,"href":"https:\/\/www.evearly.news\/fr\/wp-json\/wp\/v2\/tags?post=203156"}],"curies":[{"name":"wp","href":"https:\/\/api.w.org\/{rel}","templated":true}]}}