{"id":203411,"date":"2022-10-18T06:00:50","date_gmt":"2022-10-18T04:00:50","guid":{"rendered":"https:\/\/www.avem.fr\/?p=50502"},"modified":"2023-08-17T18:43:55","modified_gmt":"2023-08-17T18:43:55","slug":"7-000-euros-et-autres-mesures-pour-acceder-a-la-voiture-electrique","status":"publish","type":"post","link":"https:\/\/www.evearly.news\/fr\/7-000-euros-et-autres-mesures-pour-acceder-a-la-voiture-electrique\/","title":{"rendered":"7 000 euros et autres mesures pour acc\u00e9der \u00e0 la voiture \u00e9lectrique"},"content":{"rendered":"<p><img decoding=\"async\" width=\"1000\" height=\"563\" src=\"https:\/\/news.evearly.com\/wp-content\/uploads\/2022\/10\/7-000-euros-et-autres-mesures-pour-acceder-a-la-voiture-electrique.jpg\" class=\"attachment-post-thumbnail size-post-thumbnail wp-post-image\" alt=\"Salon de la voiture \u00e9lectrique\" loading=\"lazy\" \/>Selon le planning d\u00e9j\u00e0 plusieurs fois retouch\u00e9, le bonus gouvernemental maximal pour les particuliers qui ach\u00e8tent une voiture \u00e9lectrique neuve \u00e0 moins de 47 000 euros devait \u00eatre ramen\u00e9 de 6 000 \u00e0 5 000 euros au 1er janvier 2023. Le pr\u00e9sident de la R\u00e9publique vient d\u2019annoncer au contraire qu\u2019il [\u2026] <a href=\"https:\/\/www.avem.fr\/2022\/10\/18\/7-000-euros-et-autres-mesures-pour-acceder-a-la-voiture-electrique\/\" target=\"blank\" rel=\"noopener\">Lire la suite&#8230;<\/a><\/p>\n","protected":false},"excerpt":{"rendered":"<p><img decoding=\"async\" width=\"1000\" height=\"563\" src=\"https:\/\/news.evearly.com\/wp-content\/uploads\/2022\/10\/7-000-euros-et-autres-mesures-pour-acceder-a-la-voiture-electrique.jpg\" class=\"attachment-post-thumbnail size-post-thumbnail wp-post-image\" alt=\"Salon de la voiture \u00e9lectrique\" loading=\"lazy\" \/>Selon le planning d\u00e9j\u00e0 plusieurs fois retouch\u00e9, le bonus gouvernemental maximal pour les particuliers qui ach\u00e8tent une voiture \u00e9lectrique neuve \u00e0 moins de 47 000 euros devait \u00eatre ramen\u00e9 de 6 000 \u00e0 5 000 euros au 1er janvier 2023. Le pr\u00e9sident de la R\u00e9publique vient d\u2019annoncer au contraire qu\u2019il [\u2026] <a class=\"continue-reading-link\" href=\"https:\/\/www.evearly.news\/fr\/7-000-euros-et-autres-mesures-pour-acceder-a-la-voiture-electrique\/\"><\/a><\/p>\n","protected":false},"author":3,"featured_media":0,"comment_status":"closed","ping_status":"closed","sticky":false,"template":"","format":"standard","meta":{"footnotes":""},"categories":[3],"tags":[],"class_list":["post-203411","post","type-post","status-publish","format-standard","hentry","category-avem"],"_links":{"self":[{"href":"https:\/\/www.evearly.news\/fr\/wp-json\/wp\/v2\/posts\/203411","targetHints":{"allow":["GET"]}}],"collection":[{"href":"https:\/\/www.evearly.news\/fr\/wp-json\/wp\/v2\/posts"}],"about":[{"href":"https:\/\/www.evearly.news\/fr\/wp-json\/wp\/v2\/types\/post"}],"author":[{"embeddable":true,"href":"https:\/\/www.evearly.news\/fr\/wp-json\/wp\/v2\/users\/3"}],"replies":[{"embeddable":true,"href":"https:\/\/www.evearly.news\/fr\/wp-json\/wp\/v2\/comments?post=203411"}],"version-history":[{"count":1,"href":"https:\/\/www.evearly.news\/fr\/wp-json\/wp\/v2\/posts\/203411\/revisions"}],"predecessor-version":[{"id":256571,"href":"https:\/\/www.evearly.news\/fr\/wp-json\/wp\/v2\/posts\/203411\/revisions\/256571"}],"wp:attachment":[{"href":"https:\/\/www.evearly.news\/fr\/wp-json\/wp\/v2\/media?parent=203411"}],"wp:term":[{"taxonomy":"category","embeddable":true,"href":"https:\/\/www.evearly.news\/fr\/wp-json\/wp\/v2\/categories?post=203411"},{"taxonomy":"post_tag","embeddable":true,"href":"https:\/\/www.evearly.news\/fr\/wp-json\/wp\/v2\/tags?post=203411"}],"curies":[{"name":"wp","href":"https:\/\/api.w.org\/{rel}","templated":true}]}}