{"id":203428,"date":"2022-10-18T09:56:33","date_gmt":"2022-10-18T07:56:33","guid":{"rendered":"https:\/\/www.frandroid.com\/marques\/audi\/1509344_comment-audi-va-purifier-lair-avec-ses-voitures-electriques"},"modified":"2022-10-18T09:56:33","modified_gmt":"2022-10-18T07:56:33","slug":"comment-audi-va-purifier-lair-avec-ses-voitures-electriques","status":"publish","type":"post","link":"https:\/\/www.evearly.news\/fr\/comment-audi-va-purifier-lair-avec-ses-voitures-electriques\/","title":{"rendered":"Comment Audi va purifier l\u2019air avec ses voitures \u00e9lectriques"},"content":{"rendered":"<p><img decoding=\"async\" loading=\"lazy\" class=\"alignnone size-medium wp-image-1509348\" src=\"https:\/\/news.evearly.com\/wp-content\/uploads\/2022\/10\/comment-audi-va-purifier-lair-avec-ses-voitures-electriques.jpg\" alt=\"\" width=\"1200\" height=\"656\" \/><br \/>Audi souhaite utiliser ses voitures pour d\u00e9polluer l&rsquo;air ambiant. Ce filtre \u00e0 particules, install\u00e9 \u00e0 l&rsquo;avant de la voiture, peut \u00e9galement filtrer les particules qui l&rsquo;entourent, et pas seulement celles du v\u00e9hicule qui en est \u00e9quip\u00e9. Contrairement \u00e0 une voiture thermique, une voiture \u00e9lectrique n\u2019\u00e9met pas de particules fines \u00e0 l\u2019\u00e9chappement. En revanche, selon Audi, [\u2026] <a href=\"https:\/\/www.frandroid.com\/marques\/audi\/1509344_comment-audi-va-purifier-lair-avec-ses-voitures-electriques\" target=\"blank\" rel=\"noopener\">Lire la suite&#8230;<\/a><\/p>\n","protected":false},"excerpt":{"rendered":"<p>&#8230; <a class=\"continue-reading-link\" href=\"https:\/\/www.evearly.news\/fr\/comment-audi-va-purifier-lair-avec-ses-voitures-electriques\/\"><\/a><\/p>\n","protected":false},"author":6,"featured_media":203429,"comment_status":"closed","ping_status":"closed","sticky":false,"template":"","format":"standard","meta":{"footnotes":""},"categories":[14],"tags":[],"class_list":["post-203428","post","type-post","status-publish","format-standard","has-post-thumbnail","hentry","category-frandroid"],"_links":{"self":[{"href":"https:\/\/www.evearly.news\/fr\/wp-json\/wp\/v2\/posts\/203428","targetHints":{"allow":["GET"]}}],"collection":[{"href":"https:\/\/www.evearly.news\/fr\/wp-json\/wp\/v2\/posts"}],"about":[{"href":"https:\/\/www.evearly.news\/fr\/wp-json\/wp\/v2\/types\/post"}],"author":[{"embeddable":true,"href":"https:\/\/www.evearly.news\/fr\/wp-json\/wp\/v2\/users\/6"}],"replies":[{"embeddable":true,"href":"https:\/\/www.evearly.news\/fr\/wp-json\/wp\/v2\/comments?post=203428"}],"version-history":[{"count":0,"href":"https:\/\/www.evearly.news\/fr\/wp-json\/wp\/v2\/posts\/203428\/revisions"}],"wp:featuredmedia":[{"embeddable":true,"href":"https:\/\/www.evearly.news\/fr\/wp-json\/"}],"wp:attachment":[{"href":"https:\/\/www.evearly.news\/fr\/wp-json\/wp\/v2\/media?parent=203428"}],"wp:term":[{"taxonomy":"category","embeddable":true,"href":"https:\/\/www.evearly.news\/fr\/wp-json\/wp\/v2\/categories?post=203428"},{"taxonomy":"post_tag","embeddable":true,"href":"https:\/\/www.evearly.news\/fr\/wp-json\/wp\/v2\/tags?post=203428"}],"curies":[{"name":"wp","href":"https:\/\/api.w.org\/{rel}","templated":true}]}}